{"id":251661,"date":"2022-09-07T10:31:01","date_gmt":"2022-09-07T07:31:01","guid":{"rendered":"http:\/\/107.6.182.27\/es\/?p=251661"},"modified":"2023-01-10T15:53:35","modified_gmt":"2023-01-10T13:53:35","slug":"putin-denuncia-la-fiebre-sancionadora-de-occidente-y-anuncia-cambios-tectonicos-en-el-sistema-de-relaciones-internacionales","status":"publish","type":"post","link":"https:\/\/archive.sana.sy\/es\/?p=251661","title":{"rendered":"Putin denuncia la &#8220;fiebre sancionadora&#8221; de Occidente y anuncia &#8220;cambios tect\u00f3nicos&#8221; en el sistema de relaciones internacionales"},"content":{"rendered":"<p style=\"text-align: justify;\"><span style=\"color: #800000;\"><strong>Mosc\u00fa, 7 sep (SANA)\u00a0 <\/strong><\/span>El presidente de Rusia, Vlad\u00edmir Putin, pronunci\u00f3 un discurso durante el VII Foro Econ\u00f3mico Oriental que se celebra en la ciudad rusa de Vladivostok, en el Lejano Oriente del pa\u00eds.<\/p>\n<p style=\"text-align: justify;\"><span style=\"color: #0000ff;\"><strong>Putin: hay que enfrentar la fiebre sancionadora de Occidente para mantener soberan\u00eda<\/strong><\/span><\/p>\n<p style=\"text-align: justify;\">&#8220;Tras la pandemia del coronavirus, llegaron nuevos retos de car\u00e1cter global, como &#8220;la fiebre sancionadora de Occidente&#8221; y sus intentos de &#8220;imponer a otros pa\u00edses los modelos de comportamiento, priv\u00e1ndolos de soberan\u00eda y someti\u00e9ndolos a su voluntad&#8221;, dijo el mandatario.<\/p>\n<p style=\"text-align: justify;\">Consider\u00f3 que estas acciones de Occidente fueron impulsadas por la desaparici\u00f3n del &#8220;dominio de EE.UU. en la econom\u00eda y pol\u00edtica global&#8221;.<\/p>\n<p style=\"text-align: justify;\">Putin hizo hincapi\u00e9 en que unos &#8220;cambios tect\u00f3nicos&#8221; se han producido recientemente en el sistema de relaciones internacionales, aumentando el papel de pa\u00edses con muchas perspectivas que se han convertido en &#8220;nuevos centros de crecimiento econ\u00f3mico y tecnol\u00f3gico&#8221;.<\/p>\n<p style=\"text-align: justify;\">Al mismo tiempo, los pa\u00edses occidentales tratan de &#8220;mantener el orden mundial anterior&#8221; que responde a sus intereses y hacer que todo el mundo viva seg\u00fan las reglas que ellos impongan, que ellos &#8220;inventaron y que incumplen a menudo y cambian constantemente&#8221; seg\u00fan la coyuntura, se\u00f1al\u00f3.<\/p>\n<p style=\"text-align: justify;\"><span style=\"color: #0000ff;\"><strong>Putin: No podr\u00e1n aislar a Rusia<\/strong><\/span><\/p>\n<p style=\"text-align: justify;\">&#8220;En resumen, por mucho que alguien quiera aislar a Rusia, no es posible, como siempre dec\u00edamos. Basta con mirar el mapa. Aprovechando nuestras ventajas competitivas naturales, seguiremos desarrollando nuestro potencial de transporte, ampliando nuestra red de carreteras y ferrocarriles, construyendo nuevos enfoques para las terminales mar\u00edtimas y aumentando su capacidad&#8221;, destac\u00f3 el Gobernante.<\/p>\n<p style=\"text-align: justify;\"><span style=\"color: #0000ff;\"><strong>Putin: Casi todos los barcos con cereales desde Ucrania no van a pa\u00edses pobres<\/strong><\/span><\/p>\n<p style=\"text-align: justify;\">Por otro lado, dijo que &#8220;casi todos los barcos con cereales que salieron de puertos ucranianos no iban a pa\u00edses pobres, sino a la UE&#8221;.<\/p>\n<p style=\"text-align: justify;\">La mayor\u00eda de los cargamentos de grano que salieron de Ucrania en virtud de un acuerdo con Rusia negociado por Turqu\u00eda y la ONU fueron a parar a la UE, indic\u00f3 Putin.<\/p>\n<p style=\"text-align: justify;\">&#8220;Rusia ha hecho todo lo posible para garantizar la exportaci\u00f3n del grano ucraniano. [&#8230;] Casi todo el grano exportado por Ucrania no fue a parar a pa\u00edses en desarrollo y m\u00e1s pobres, sino a pa\u00edses de la Uni\u00f3n Europea&#8221;, aclar\u00f3.<\/p>\n<p style=\"text-align: justify;\">Asimismo, Putin dijo que &#8220;la calidad de vida de los europeos est\u00e1 siendo arrojada al horno de las sanciones&#8221;, y que el d\u00f3lar y la libra esterlina han perdido credibilidad, y Rusia se aleja de su uso y ya empez\u00f3 a comercializar con China en monedas nacionales.<\/p>\n<p style=\"text-align: justify;\">Precis\u00f3 que Occidente se dirige a una crisis econ\u00f3mica y social porque s\u00f3lo se preocupa de los intereses del &#8220;bill\u00f3n de oro&#8221;.<\/p>\n<p style=\"text-align: justify;\">&#8220;Los pa\u00edses occidentales intentan conservar las viejas reglas, que s\u00f3lo les benefician a ellos, pero ahora se est\u00e1 perdiendo el dominio de EEUU en la pol\u00edtica mundial&#8221;, manifest\u00f3.<\/p>\n<p style=\"text-align: justify;\"><span style=\"color: #0000ff;\"><strong>Putin: Rusia cumplir\u00e1 con su deber en Donb\u00e1s hasta el final<\/strong><\/span><\/p>\n<p style=\"text-align: justify;\">Sobre la operaci\u00f3n militar especial en Ucrania, el presidnete ruso dijo: &#8220;Estoy seguro de que desde el 24 de febrero Rusia no ha perdido nada, pero el principal beneficio es el fortalecimiento de la soberan\u00eda&#8221;.<\/p>\n<p style=\"text-align: justify;\">&#8220;Rusia cumplir\u00e1 con su deber de defender Donb\u00e1s hasta el final, para fortalecerse interna y externamente&#8221;, se\u00f1al\u00f3.<\/p>\n<p><strong>fm\/ws<\/strong><\/p>\n","protected":false},"excerpt":{"rendered":"<p>Mosc\u00fa, 7 sep (SANA)\u00a0 El presidente de Rusia, Vlad\u00edmir Putin, pronunci\u00f3 un discurso durante el VII Foro Econ\u00f3mico Oriental que se celebra en la ciudad rusa de Vladivostok, en el Lejano Oriente del pa\u00eds. Putin: hay que enfrentar la fiebre sancionadora de Occidente para mantener soberan\u00eda &#8220;Tras la pandemia del coronavirus, llegaron nuevos retos de &hellip;<\/p>\n","protected":false},"author":35,"featured_media":251662,"comment_status":"closed","ping_status":"closed","sticky":false,"template":"","format":"standard","meta":{"footnotes":""},"categories":[597,456,20724,457,583],"tags":[],"class_list":["post-251661","post","type-post","status-publish","format-standard","has-post-thumbnail","","category-cinta-de-noticias","category-arabe-internacional-politica","category-minuto-a-minuto","category-noticias-arabe-internacional-politica","category-slide"],"_links":{"self":[{"href":"https:\/\/archive.sana.sy\/es\/index.php?rest_route=\/wp\/v2\/posts\/251661"}],"collection":[{"href":"https:\/\/archive.sana.sy\/es\/index.php?rest_route=\/wp\/v2\/posts"}],"about":[{"href":"https:\/\/archive.sana.sy\/es\/index.php?rest_route=\/wp\/v2\/types\/post"}],"author":[{"embeddable":true,"href":"https:\/\/archive.sana.sy\/es\/index.php?rest_route=\/wp\/v2\/users\/35"}],"replies":[{"embeddable":true,"href":"https:\/\/archive.sana.sy\/es\/index.php?rest_route=%2Fwp%2Fv2%2Fcomments&post=251661"}],"version-history":[{"count":0,"href":"https:\/\/archive.sana.sy\/es\/index.php?rest_route=\/wp\/v2\/posts\/251661\/revisions"}],"wp:featuredmedia":[{"embeddable":true,"href":"https:\/\/archive.sana.sy\/es\/index.php?rest_route=\/wp\/v2\/media\/251662"}],"wp:attachment":[{"href":"https:\/\/archive.sana.sy\/es\/index.php?rest_route=%2Fwp%2Fv2%2Fmedia&parent=251661"}],"wp:term":[{"taxonomy":"category","embeddable":true,"href":"https:\/\/archive.sana.sy\/es\/index.php?rest_route=%2Fwp%2Fv2%2Fcategories&post=251661"},{"taxonomy":"post_tag","embeddable":true,"href":"https:\/\/archive.sana.sy\/es\/index.php?rest_route=%2Fwp%2Fv2%2Ftags&post=251661"}],"curies":[{"name":"wp","href":"https:\/\/api.w.org\/{rel}","templated":true}]}}