{"id":251722,"date":"2022-09-08T07:04:12","date_gmt":"2022-09-08T04:04:12","guid":{"rendered":"http:\/\/107.6.182.27\/es\/?p=251722"},"modified":"2023-01-10T14:02:52","modified_gmt":"2023-01-10T12:02:52","slug":"dignatarios-de-tribus-arabes-expresan-rotundo-rechazo-a-las-politicas-separatistas-de-la-administracion-autonoma-en-el-noreste-de-siria","status":"publish","type":"post","link":"https:\/\/archive.sana.sy\/es\/?p=251722","title":{"rendered":"Tribus \u00e1rabes expresan rotundo rechazo a las pol\u00edticas separatistas de la \u201cAdministraci\u00f3n Aut\u00f3noma\u201d en el noreste de Siria"},"content":{"rendered":"<p style=\"text-align: justify;\"><span style=\"color: #800000;\"><strong>Hasakeh, 07 sep (SANA)<\/strong><\/span> Los jeques de las tribus y clanes \u00e1rabes de la regi\u00f3n de al-Jazirah expresaron su rotunda condena y rechazo absoluto a las pol\u00edticas separatistas de la llamada \u201cAdministraci\u00f3n Aut\u00f3noma\u201d en el noreste de Siria y su actividad destructiva que conduce solo a la divisi\u00f3n y la resurgimiento de las amenazas terroristas.<\/p>\n<p style=\"text-align: justify;\">En un comunicado, los jeques destacaron que esta entidad separatista pretenden lograr sus intereses personales en detrimento de sacar ganancias de vender los recursos naturales del pa\u00eds que pertenecen a todo el pueblo sirio.<\/p>\n<p style=\"text-align: justify;\">Enfatizaron que la \u00fanica salida a la crisis actual es preservar la independencia, la unidad y la integridad territorial de la patria Siria.<\/p>\n<p style=\"text-align: justify;\">\u201cPor el bien de nuestro pa\u00eds, debemos unir todas las fuerzas para mantener la estabilidad y seguridad de Siria\u2026.no tenemos otra alternativa que permanecer unidos frente a todos los desaf\u00edos\u201d, concluyeron la declaraci\u00f3n.<\/p>\n<p style=\"text-align: justify;\">la<\/p>\n","protected":false},"excerpt":{"rendered":"<p>Hasakeh, 07 sep (SANA) Los jeques de las tribus y clanes \u00e1rabes de la regi\u00f3n de al-Jazirah expresaron su rotunda condena y rechazo absoluto a las pol\u00edticas separatistas de la llamada \u201cAdministraci\u00f3n Aut\u00f3noma\u201d en el noreste de Siria y su actividad destructiva que conduce solo a la divisi\u00f3n y la resurgimiento de las amenazas terroristas. &hellip;<\/p>\n","protected":false},"author":24,"featured_media":251736,"comment_status":"closed","ping_status":"closed","sticky":false,"template":"","format":"standard","meta":{"footnotes":""},"categories":[447,597,20724,476,7541],"tags":[],"class_list":["post-251722","post","type-post","status-publish","format-standard","has-post-thumbnail","","category-local-politica","category-cinta-de-noticias","category-minuto-a-minuto","category-locales","category-ultimas-noticias"],"_links":{"self":[{"href":"https:\/\/archive.sana.sy\/es\/index.php?rest_route=\/wp\/v2\/posts\/251722"}],"collection":[{"href":"https:\/\/archive.sana.sy\/es\/index.php?rest_route=\/wp\/v2\/posts"}],"about":[{"href":"https:\/\/archive.sana.sy\/es\/index.php?rest_route=\/wp\/v2\/types\/post"}],"author":[{"embeddable":true,"href":"https:\/\/archive.sana.sy\/es\/index.php?rest_route=\/wp\/v2\/users\/24"}],"replies":[{"embeddable":true,"href":"https:\/\/archive.sana.sy\/es\/index.php?rest_route=%2Fwp%2Fv2%2Fcomments&post=251722"}],"version-history":[{"count":0,"href":"https:\/\/archive.sana.sy\/es\/index.php?rest_route=\/wp\/v2\/posts\/251722\/revisions"}],"wp:featuredmedia":[{"embeddable":true,"href":"https:\/\/archive.sana.sy\/es\/index.php?rest_route=\/wp\/v2\/media\/251736"}],"wp:attachment":[{"href":"https:\/\/archive.sana.sy\/es\/index.php?rest_route=%2Fwp%2Fv2%2Fmedia&parent=251722"}],"wp:term":[{"taxonomy":"category","embeddable":true,"href":"https:\/\/archive.sana.sy\/es\/index.php?rest_route=%2Fwp%2Fv2%2Fcategories&post=251722"},{"taxonomy":"post_tag","embeddable":true,"href":"https:\/\/archive.sana.sy\/es\/index.php?rest_route=%2Fwp%2Fv2%2Ftags&post=251722"}],"curies":[{"name":"wp","href":"https:\/\/api.w.org\/{rel}","templated":true}]}}