{"id":251730,"date":"2022-09-07T16:00:09","date_gmt":"2022-09-07T13:00:09","guid":{"rendered":"http:\/\/107.6.182.27\/es\/?p=251730"},"modified":"2022-09-07T17:17:43","modified_gmt":"2022-09-07T14:17:43","slug":"el-ministerio-de-asuntos-exteriores-de-siria-los-repetidos-ataques-israelies-especialmente-las-agresiones-sistematicas-y-deliberadas-contra-bienes-civiles-en-siria-el-ultimo-de-los-cuales-ocurrio-l","status":"publish","type":"post","link":"https:\/\/archive.sana.sy\/es\/?p=251730","title":{"rendered":"El Ministerio de Asuntos Exteriores de Siria: Los repetidos ataques israel\u00edes, especialmente las agresiones sistem\u00e1ticas y deliberadas contra bienes civiles en Siria, el \u00faltimo de los cuales ocurri\u00f3 la v\u00edspera contra el Aeropuerto Internacional de Alepo, equivale a un crimen de guerra por el cual Israel debe rendir cuentas"},"content":{"rendered":"","protected":false},"excerpt":{"rendered":"","protected":false},"author":24,"featured_media":0,"comment_status":"closed","ping_status":"closed","sticky":false,"template":"","format":"standard","meta":{"footnotes":""},"categories":[596],"tags":[],"class_list":["post-251730","post","type-post","status-publish","format-standard","","category-urgente"],"_links":{"self":[{"href":"https:\/\/archive.sana.sy\/es\/index.php?rest_route=\/wp\/v2\/posts\/251730"}],"collection":[{"href":"https:\/\/archive.sana.sy\/es\/index.php?rest_route=\/wp\/v2\/posts"}],"about":[{"href":"https:\/\/archive.sana.sy\/es\/index.php?rest_route=\/wp\/v2\/types\/post"}],"author":[{"embeddable":true,"href":"https:\/\/archive.sana.sy\/es\/index.php?rest_route=\/wp\/v2\/users\/24"}],"replies":[{"embeddable":true,"href":"https:\/\/archive.sana.sy\/es\/index.php?rest_route=%2Fwp%2Fv2%2Fcomments&post=251730"}],"version-history":[{"count":0,"href":"https:\/\/archive.sana.sy\/es\/index.php?rest_route=\/wp\/v2\/posts\/251730\/revisions"}],"wp:attachment":[{"href":"https:\/\/archive.sana.sy\/es\/index.php?rest_route=%2Fwp%2Fv2%2Fmedia&parent=251730"}],"wp:term":[{"taxonomy":"category","embeddable":true,"href":"https:\/\/archive.sana.sy\/es\/index.php?rest_route=%2Fwp%2Fv2%2Fcategories&post=251730"},{"taxonomy":"post_tag","embeddable":true,"href":"https:\/\/archive.sana.sy\/es\/index.php?rest_route=%2Fwp%2Fv2%2Ftags&post=251730"}],"curies":[{"name":"wp","href":"https:\/\/api.w.org\/{rel}","templated":true}]}}