{"id":251732,"date":"2022-09-07T17:30:56","date_gmt":"2022-09-07T14:30:56","guid":{"rendered":"http:\/\/107.6.182.27\/es\/?p=251732"},"modified":"2023-01-10T14:02:53","modified_gmt":"2023-01-10T12:02:53","slug":"siria-israel-debe-rendir-cuenta-por-sus-crimenes-de-guerra-al-atacar-el-territorio-sirio","status":"publish","type":"post","link":"https:\/\/archive.sana.sy\/es\/?p=251732","title":{"rendered":"Siria: &#8220;Israel&#8221; debe rendir cuenta por sus cr\u00edmenes de guerra al atacar el territorio sirio"},"content":{"rendered":"<p style=\"text-align: justify;\"><span style=\"color: #800000;\"><strong>Damasco, 7 sep (SANA)<\/strong> <\/span>El Ministerio de Asuntos Exteriores de Siria afirm\u00f3 hoy que los repetidos ataques israel\u00edes, especialmente las agresiones sistem\u00e1ticas y deliberadas contra los bienes civiles en Siria, el m\u00e1s reciente de los cuales se produjo la v\u00edspera contra el Aeropuerto Internacional de Alepo, equivale a un crimen de guerra por el cual Israel debe rendir cuentas, en virtud del derecho internacional.<\/p>\n<p style=\"text-align: justify;\">\u201cCon esta peligrosa escalada, las autoridades de ocupaci\u00f3n israel\u00edes amenazan la paz y la seguridad regionales y ponen en peligro y aterrorizan a los civiles, adem\u00e1s de amenazar la seguridad de la aviaci\u00f3n civil en Siria y la regi\u00f3n\u201d, asever\u00f3 la Canciller\u00eda en un comunicado publicado en su p\u00e1gina de Twitter.<\/p>\n<p style=\"text-align: justify;\">Asegur\u00f3 que Siria ejercer\u00e1 su leg\u00edtimo derecho a defender su tierra y su pueblo por todos los medios necesarios, y asegurar que las autoridades del ocupante israel\u00ed rindan cuentas por sus cr\u00edmenes.<\/p>\n<p style=\"text-align: justify;\">fm\/la<\/p>\n","protected":false},"excerpt":{"rendered":"<p>Damasco, 7 sep (SANA) El Ministerio de Asuntos Exteriores de Siria afirm\u00f3 hoy que los repetidos ataques israel\u00edes, especialmente las agresiones sistem\u00e1ticas y deliberadas contra los bienes civiles en Siria, el m\u00e1s reciente de los cuales se produjo la v\u00edspera contra el Aeropuerto Internacional de Alepo, equivale a un crimen de guerra por el cual &hellip;<\/p>\n","protected":false},"author":24,"featured_media":251734,"comment_status":"closed","ping_status":"closed","sticky":false,"template":"","format":"standard","meta":{"footnotes":""},"categories":[447,597,20724,476,583],"tags":[],"class_list":["post-251732","post","type-post","status-publish","format-standard","has-post-thumbnail","","category-local-politica","category-cinta-de-noticias","category-minuto-a-minuto","category-locales","category-slide"],"_links":{"self":[{"href":"https:\/\/archive.sana.sy\/es\/index.php?rest_route=\/wp\/v2\/posts\/251732"}],"collection":[{"href":"https:\/\/archive.sana.sy\/es\/index.php?rest_route=\/wp\/v2\/posts"}],"about":[{"href":"https:\/\/archive.sana.sy\/es\/index.php?rest_route=\/wp\/v2\/types\/post"}],"author":[{"embeddable":true,"href":"https:\/\/archive.sana.sy\/es\/index.php?rest_route=\/wp\/v2\/users\/24"}],"replies":[{"embeddable":true,"href":"https:\/\/archive.sana.sy\/es\/index.php?rest_route=%2Fwp%2Fv2%2Fcomments&post=251732"}],"version-history":[{"count":0,"href":"https:\/\/archive.sana.sy\/es\/index.php?rest_route=\/wp\/v2\/posts\/251732\/revisions"}],"wp:featuredmedia":[{"embeddable":true,"href":"https:\/\/archive.sana.sy\/es\/index.php?rest_route=\/wp\/v2\/media\/251734"}],"wp:attachment":[{"href":"https:\/\/archive.sana.sy\/es\/index.php?rest_route=%2Fwp%2Fv2%2Fmedia&parent=251732"}],"wp:term":[{"taxonomy":"category","embeddable":true,"href":"https:\/\/archive.sana.sy\/es\/index.php?rest_route=%2Fwp%2Fv2%2Fcategories&post=251732"},{"taxonomy":"post_tag","embeddable":true,"href":"https:\/\/archive.sana.sy\/es\/index.php?rest_route=%2Fwp%2Fv2%2Ftags&post=251732"}],"curies":[{"name":"wp","href":"https:\/\/api.w.org\/{rel}","templated":true}]}}