{"id":251747,"date":"2022-09-07T18:03:36","date_gmt":"2022-09-07T15:03:36","guid":{"rendered":"http:\/\/107.6.182.27\/es\/?p=251747"},"modified":"2023-01-10T14:02:53","modified_gmt":"2023-01-10T12:02:53","slug":"vicecanciller-ruso-aborda-con-embajador-de-siria-vias-de-blindar-cooperacion-multifacetica","status":"publish","type":"post","link":"https:\/\/archive.sana.sy\/es\/?p=251747","title":{"rendered":"Vicecanciller ruso aborda con Embajador de Siria v\u00edas de blindar cooperaci\u00f3n multifac\u00e9tica"},"content":{"rendered":"<p style=\"text-align: justify\"><span style=\"color: #800000\"><strong>Mosc\u00fa, 07 sep (SANA)<\/strong> <\/span>El representante especial del Presidente de Rusia para Oriente Medio y \u00c1frica, viceministro de Relaciones Exteriores Mija\u00edl Bogdanov, abord\u00f3 con el embajador de Siria ante Mosc\u00fa, Riad Haddad, los \u00faltimo acontecimientos en los escenarios sirio y regional.<\/p>\n<p style=\"text-align: justify\">En un comunicado, la Canciller\u00eda rusa inform\u00f3 que Bogdanov recibi\u00f3 a Haddad, y durante la reuni\u00f3n fueron abordados un conjunto de temas destinados a reforzar la cooperaci\u00f3n multifac\u00e9tica ruso-siria.<\/p>\n<p style=\"text-align: justify\">la<\/p>\n","protected":false},"excerpt":{"rendered":"<p>Mosc\u00fa, 07 sep (SANA) El representante especial del Presidente de Rusia para Oriente Medio y \u00c1frica, viceministro de Relaciones Exteriores Mija\u00edl Bogdanov, abord\u00f3 con el embajador de Siria ante Mosc\u00fa, Riad Haddad, los \u00faltimo acontecimientos en los escenarios sirio y regional. En un comunicado, la Canciller\u00eda rusa inform\u00f3 que Bogdanov recibi\u00f3 a Haddad, y durante &hellip;<\/p>\n","protected":false},"author":24,"featured_media":251748,"comment_status":"closed","ping_status":"closed","sticky":false,"template":"","format":"standard","meta":{"footnotes":""},"categories":[447,597,20724,467,7541],"tags":[],"class_list":["post-251747","post","type-post","status-publish","format-standard","has-post-thumbnail","","category-local-politica","category-cinta-de-noticias","category-minuto-a-minuto","category-siria-y-el-mundo","category-ultimas-noticias"],"_links":{"self":[{"href":"https:\/\/archive.sana.sy\/es\/index.php?rest_route=\/wp\/v2\/posts\/251747"}],"collection":[{"href":"https:\/\/archive.sana.sy\/es\/index.php?rest_route=\/wp\/v2\/posts"}],"about":[{"href":"https:\/\/archive.sana.sy\/es\/index.php?rest_route=\/wp\/v2\/types\/post"}],"author":[{"embeddable":true,"href":"https:\/\/archive.sana.sy\/es\/index.php?rest_route=\/wp\/v2\/users\/24"}],"replies":[{"embeddable":true,"href":"https:\/\/archive.sana.sy\/es\/index.php?rest_route=%2Fwp%2Fv2%2Fcomments&post=251747"}],"version-history":[{"count":0,"href":"https:\/\/archive.sana.sy\/es\/index.php?rest_route=\/wp\/v2\/posts\/251747\/revisions"}],"wp:featuredmedia":[{"embeddable":true,"href":"https:\/\/archive.sana.sy\/es\/index.php?rest_route=\/wp\/v2\/media\/251748"}],"wp:attachment":[{"href":"https:\/\/archive.sana.sy\/es\/index.php?rest_route=%2Fwp%2Fv2%2Fmedia&parent=251747"}],"wp:term":[{"taxonomy":"category","embeddable":true,"href":"https:\/\/archive.sana.sy\/es\/index.php?rest_route=%2Fwp%2Fv2%2Fcategories&post=251747"},{"taxonomy":"post_tag","embeddable":true,"href":"https:\/\/archive.sana.sy\/es\/index.php?rest_route=%2Fwp%2Fv2%2Ftags&post=251747"}],"curies":[{"name":"wp","href":"https:\/\/api.w.org\/{rel}","templated":true}]}}