{"id":251771,"date":"2022-09-07T20:51:24","date_gmt":"2022-09-07T17:51:24","guid":{"rendered":"http:\/\/107.6.182.27\/es\/?p=251771"},"modified":"2023-01-10T15:53:33","modified_gmt":"2023-01-10T13:53:33","slug":"autoridades-de-zaporozhye-no-descartan-suspender-funcionamiento-de-la-planta-nuclear","status":"publish","type":"post","link":"https:\/\/archive.sana.sy\/es\/?p=251771","title":{"rendered":"Autoridades de Zaporozhye no descartan suspender funcionamiento de la planta nuclear"},"content":{"rendered":"<p style=\"text-align: justify;\"><span style=\"color: #800000;\"><strong>Mosc\u00fa, 7 sep (SANA)<\/strong><\/span> El jefe de la regi\u00f3n de Zaporozhye, Yevgeny Palitsky, dijo que no se descarta suspender por completo el funcionamiento de la planta de energ\u00eda nuclear en la regi\u00f3n en medio del bombardeo constante de las fuerzas del r\u00e9gimen de Kiev.<\/p>\n<p style=\"text-align: justify;\">\u201cEs muy probable que tengamos que detener el funcionamiento de la planta de energ\u00eda nuclear porque su trabajo ser\u00e1 imposible en estas condiciones\u201d, cit\u00f3 la agencia rusa de noticias RIA Novosti a Palitsky.<\/p>\n<p style=\"text-align: justify;\">En otra parte de sus declaraciones agreg\u00f3 que &#8220;a\u00fan no hemos tomado una decisi\u00f3n final, pero lo m\u00e1s probable es que tengamos que tomarla&#8221;.<\/p>\n<p>mm<\/p>\n","protected":false},"excerpt":{"rendered":"<p>Mosc\u00fa, 7 sep (SANA) El jefe de la regi\u00f3n de Zaporozhye, Yevgeny Palitsky, dijo que no se descarta suspender por completo el funcionamiento de la planta de energ\u00eda nuclear en la regi\u00f3n en medio del bombardeo constante de las fuerzas del r\u00e9gimen de Kiev. \u201cEs muy probable que tengamos que detener el funcionamiento de la &hellip;<\/p>\n","protected":false},"author":36,"featured_media":251773,"comment_status":"closed","ping_status":"closed","sticky":false,"template":"","format":"standard","meta":{"footnotes":""},"categories":[597,456,20724,457],"tags":[],"class_list":["post-251771","post","type-post","status-publish","format-standard","has-post-thumbnail","","category-cinta-de-noticias","category-arabe-internacional-politica","category-minuto-a-minuto","category-noticias-arabe-internacional-politica"],"_links":{"self":[{"href":"https:\/\/archive.sana.sy\/es\/index.php?rest_route=\/wp\/v2\/posts\/251771"}],"collection":[{"href":"https:\/\/archive.sana.sy\/es\/index.php?rest_route=\/wp\/v2\/posts"}],"about":[{"href":"https:\/\/archive.sana.sy\/es\/index.php?rest_route=\/wp\/v2\/types\/post"}],"author":[{"embeddable":true,"href":"https:\/\/archive.sana.sy\/es\/index.php?rest_route=\/wp\/v2\/users\/36"}],"replies":[{"embeddable":true,"href":"https:\/\/archive.sana.sy\/es\/index.php?rest_route=%2Fwp%2Fv2%2Fcomments&post=251771"}],"version-history":[{"count":0,"href":"https:\/\/archive.sana.sy\/es\/index.php?rest_route=\/wp\/v2\/posts\/251771\/revisions"}],"wp:featuredmedia":[{"embeddable":true,"href":"https:\/\/archive.sana.sy\/es\/index.php?rest_route=\/wp\/v2\/media\/251773"}],"wp:attachment":[{"href":"https:\/\/archive.sana.sy\/es\/index.php?rest_route=%2Fwp%2Fv2%2Fmedia&parent=251771"}],"wp:term":[{"taxonomy":"category","embeddable":true,"href":"https:\/\/archive.sana.sy\/es\/index.php?rest_route=%2Fwp%2Fv2%2Fcategories&post=251771"},{"taxonomy":"post_tag","embeddable":true,"href":"https:\/\/archive.sana.sy\/es\/index.php?rest_route=%2Fwp%2Fv2%2Ftags&post=251771"}],"curies":[{"name":"wp","href":"https:\/\/api.w.org\/{rel}","templated":true}]}}