{"id":251795,"date":"2022-09-07T21:47:28","date_gmt":"2022-09-07T18:47:28","guid":{"rendered":"http:\/\/107.6.182.27\/es\/?p=251795"},"modified":"2023-01-10T15:53:33","modified_gmt":"2023-01-10T13:53:33","slug":"un-tope-absurdo-al-gas-ruso","status":"publish","type":"post","link":"https:\/\/archive.sana.sy\/es\/?p=251795","title":{"rendered":"Un tope &#8220;absurdo&#8221; al gas ruso"},"content":{"rendered":"<blockquote><p><strong><span style=\"color: #808080;\">&#8220;El techo propuesto para el precio del gas, de 50 euros por megavatio\/hora (&#8230;), que es menos de una quinta parte del precio actual al contado, adoptar\u00e1 la forma de un proyecto de ley de emergencia&#8221;<\/span><\/strong><\/p><\/blockquote>\n<p style=\"text-align: justify;\">\n<span style=\"color: #800000;\"><strong>Damasco, 7 sep (SANA)<\/strong> <\/span>La Uni\u00f3n Europea (UE) pretende limitar el precio del combustible azul ruso, inform\u00f3 el diario &#8216;Politico&#8217;, citando documentos de la Comisi\u00f3n Europea (CE). No obstante, el precio propuesto es muy inferior al del mercado y el mandatario ruso ya tach\u00f3 la iniciativa de &#8220;absurda&#8221;.<\/p>\n<p style=\"text-align: justify;\">&#8220;El techo propuesto para el precio del gas, de 50 euros por megavatio\/hora (&#8230;), que es menos de una quinta parte del precio actual al contado, adoptar\u00e1 la forma de un proyecto de ley de emergencia&#8221;, afirma el peri\u00f3dico.<\/p>\n<p style=\"text-align: justify;\">Las propuestas incluyen un tope de precios del gas ruso en toda la UE y la distribuci\u00f3n del combustible azul a los pa\u00edses que lo necesiten en situaci\u00f3n de emergencia, se\u00f1alan los documentos de la CE.<\/p>\n<p style=\"text-align: justify;\">Si se introducen stps nuevos precios, Francia los apoyar\u00eda, anunci\u00f3 el presidente franc\u00e9s, Emmanuel Macron, tras una conversaci\u00f3n telef\u00f3nica con el canciller alem\u00e1n, Olaf Scholz. Por su parte, un representante del Ministerio de Econom\u00eda alem\u00e1n, anunci\u00f3 que Berl\u00edn quiere crear una comisi\u00f3n de expertos estatales para elegir el mejor enfoque para limitar los precios del combustible azul. Este m\u00e9todo ralentizar\u00eda una decisi\u00f3n a nivel de la UE, informa el peri\u00f3dico.<\/p>\n<p style=\"text-align: justify;\">A su vez, Espa\u00f1a no se manifest\u00f3 claramente a favor de un techo de precios para las importaciones de gas de Rusia.<\/p>\n<p style=\"text-align: justify;\">&#8220;Creo que es algo que definitivamente debemos tener en cuenta. La cuesti\u00f3n es hasta qu\u00e9 punto podemos permit\u00edrnoslo&#8221;, inform\u00f3 Teresa Ribera, la ministra espa\u00f1ola de Energ\u00eda.<\/p>\n<p style=\"text-align: justify;\">El presidente de Rusia, Vlad\u00edmir Putin, no tuvo escr\u00fapulos a la hora de opinar sobre la propuesta.<\/p>\n<p style=\"text-align: justify;\">&#8220;Esto es absurdo, una tonter\u00eda que conducir\u00e1 a un mayor crecimiento (de los precios) en los mercados mundiales, incluyendo en Europa&#8221;, sentenci\u00f3 Putin, al pronunciar su discurso en el Foro Econ\u00f3mico Oriental, que acoge la ciudad rusa de Vladivostok del 5 al 8 de septiembre.<\/p>\n<p><strong>Fuente: Sputnik<\/strong><\/p>\n","protected":false},"excerpt":{"rendered":"<p>&#8220;El techo propuesto para el precio del gas, de 50 euros por megavatio\/hora (&#8230;), que es menos de una quinta parte del precio actual al contado, adoptar\u00e1 la forma de un proyecto de ley de emergencia&#8221; Damasco, 7 sep (SANA) La Uni\u00f3n Europea (UE) pretende limitar el precio del combustible azul ruso, inform\u00f3 el diario &hellip;<\/p>\n","protected":false},"author":36,"featured_media":251798,"comment_status":"closed","ping_status":"closed","sticky":false,"template":"","format":"standard","meta":{"footnotes":""},"categories":[597,456,20724,457,7541],"tags":[],"class_list":["post-251795","post","type-post","status-publish","format-standard","has-post-thumbnail","","category-cinta-de-noticias","category-arabe-internacional-politica","category-minuto-a-minuto","category-noticias-arabe-internacional-politica","category-ultimas-noticias"],"_links":{"self":[{"href":"https:\/\/archive.sana.sy\/es\/index.php?rest_route=\/wp\/v2\/posts\/251795"}],"collection":[{"href":"https:\/\/archive.sana.sy\/es\/index.php?rest_route=\/wp\/v2\/posts"}],"about":[{"href":"https:\/\/archive.sana.sy\/es\/index.php?rest_route=\/wp\/v2\/types\/post"}],"author":[{"embeddable":true,"href":"https:\/\/archive.sana.sy\/es\/index.php?rest_route=\/wp\/v2\/users\/36"}],"replies":[{"embeddable":true,"href":"https:\/\/archive.sana.sy\/es\/index.php?rest_route=%2Fwp%2Fv2%2Fcomments&post=251795"}],"version-history":[{"count":0,"href":"https:\/\/archive.sana.sy\/es\/index.php?rest_route=\/wp\/v2\/posts\/251795\/revisions"}],"wp:featuredmedia":[{"embeddable":true,"href":"https:\/\/archive.sana.sy\/es\/index.php?rest_route=\/wp\/v2\/media\/251798"}],"wp:attachment":[{"href":"https:\/\/archive.sana.sy\/es\/index.php?rest_route=%2Fwp%2Fv2%2Fmedia&parent=251795"}],"wp:term":[{"taxonomy":"category","embeddable":true,"href":"https:\/\/archive.sana.sy\/es\/index.php?rest_route=%2Fwp%2Fv2%2Fcategories&post=251795"},{"taxonomy":"post_tag","embeddable":true,"href":"https:\/\/archive.sana.sy\/es\/index.php?rest_route=%2Fwp%2Fv2%2Ftags&post=251795"}],"curies":[{"name":"wp","href":"https:\/\/api.w.org\/{rel}","templated":true}]}}