{"id":251800,"date":"2022-09-07T22:00:33","date_gmt":"2022-09-07T19:00:33","guid":{"rendered":"http:\/\/107.6.182.27\/es\/?p=251800"},"modified":"2023-01-10T15:53:32","modified_gmt":"2023-01-10T13:53:32","slug":"eeuu-ha-buscado-destruir-o-balcanizar-a-rusia-durante-los-ultimos-100-anos","status":"publish","type":"post","link":"https:\/\/archive.sana.sy\/es\/?p=251800","title":{"rendered":"EEUU ha buscado destruir o balcanizar a Rusia durante los \u00faltimos 100 a\u00f1os"},"content":{"rendered":"<blockquote><p><strong>&#8220;No hay que perder mucho el tiempo en disquisiciones baratas: \u00a1lo que est\u00e1 en juego en Ucrania es el fin del orden unipolar anglosaj\u00f3n y el inicio del nuevo orden multipolar!&#8221;<\/strong><\/p><\/blockquote>\n<p style=\"text-align: justify;\"><span style=\"color: #800000;\"><strong>Damasco, 7 sep (SANA)<\/strong> <\/span>El conflicto de Ucrania puede entenderse como una guerra de 100 a\u00f1os durante los que Estados Unidos ha buscado la balcanizaci\u00f3n y la desintegraci\u00f3n de Rusia desde el triunfo de la revoluci\u00f3n bolchevique liderada por Vlad\u00edmir Lenin en 1917.<\/p>\n<p style=\"text-align: justify;\">As\u00ed lo estim\u00f3 el internacionalista Alfredo Jalife-Rahme en su colaboraci\u00f3n editorial con el diario mexicano La Jornada de este 7 de septiembre.<\/p>\n<p style=\"text-align: justify;\">Tambi\u00e9n, agreg\u00f3, este conflicto se configura como una nueva guerra de los 30 a\u00f1os, por iniciar en 1991 con la desintegraci\u00f3n de la Uni\u00f3n Sovi\u00e9tica, proseguir en 2014 con el golpe de Estado que depuso a V\u00edktor Yanuk\u00f3vich y agudizarse en 2022, con el inicio de la operaci\u00f3n militar especial rusa.<\/p>\n<p style=\"text-align: justify;\">De esta manera y a la luz de un an\u00e1lisis del general retirado alem\u00e1n Harald Kujat, el internacionalista acus\u00f3 que el pueblo de Ucrania est\u00e1 luchando en favor de los intereses geoestrat\u00e9gicos de Estados Unidos. Kujat fue jefe del Estado Mayor del ej\u00e9rcito de Alemania entre 2000 y 2002, adem\u00e1s de dirigir el comit\u00e9 militar de la Organizaci\u00f3n del Tratado del Atl\u00e1ntico Norte (OTAN), alianza militar occidental, entre 2002 y 2005, record\u00f3 Jalife-Rahme.<\/p>\n<p style=\"text-align: justify;\">El internacionalista record\u00f3 que en 2014, el mando militar retirado consider\u00f3 que la OTAN fracas\u00f3 &#8220;descaradamente&#8221; en Ucrania mientras que ahora critica la posici\u00f3n pol\u00edtica del pa\u00eds europeo, mediante un art\u00edculo publicado en el Preu\u00dfische Allgemeine Zeitung.<\/p>\n<p style=\"text-align: justify;\">La idea de que la OTAN malogr\u00f3 sus objetivos en Ucrania en 2014 se ha consolidado en c\u00edrculos acad\u00e9micos cr\u00edticos de occidente y Eurasia, adem\u00e1s de espacios del Sur Global, destac\u00f3 el polit\u00f3logo.<\/p>\n<p style=\"text-align: justify;\">Estados Unidos, consider\u00f3 a su vez Kujat, est\u00e1 en rivalidad con dos superpotencias, Rusia y China, y Ucrania lucha conforme a esos intereses.<\/p>\n<p style=\"text-align: justify;\">De acuerdo con el mando militar alem\u00e1n, el titular del Departamento de Defensa de Estados Unidos, Lloyd Austin, afirm\u00f3 que el presidente Joe Biden busca deponer a su par ruso, Vlad\u00edmir Putin, y someter a sus fuerzas armadas a una permanente debilidad mediante guerra de desgaste.<\/p>\n<p style=\"text-align: justify;\">Medios globalistas neoliberales consideran por ello al exmando alem\u00e1n rus\u00f3filo, subray\u00f3 Jalife-Rahme.<\/p>\n<p style=\"text-align: justify;\">&#8220;No hay que perder mucho el tiempo en disquisiciones baratas: \u00a1lo que est\u00e1 en juego en Ucrania es el fin del orden unipolar anglosaj\u00f3n y el inicio del nuevo orden multipolar!&#8221;, consider\u00f3 en su art\u00edculo el internacionalista.<\/p>\n<p style=\"text-align: justify;\">Sin la intervenci\u00f3n directa de la OTAN y Estados Unidos, Rusia no estar\u00e1 ni cerca de una derrota militar, consider\u00f3 el mando alem\u00e1n citado por Jalife-Rahme.<\/p>\n<p style=\"text-align: justify;\">Kujat afirm\u00f3, adem\u00e1s, que China no tiene inter\u00e9s en que se derrote militarmente a Rusia porque usar\u00eda ese proceso para aliviar a su vecino y para avanzar sus propios intereses, por lo que Estados Unidos no podr\u00e1 librar una confrontaci\u00f3n simult\u00e1nea con ambos pa\u00edses.<\/p>\n<p style=\"text-align: justify;\">Luego de que el l\u00edder de la iglesia cat\u00f3lica, el papa Francisco, aseverara que el conflicto entre Kiev y Mosc\u00fa pudo ser provocado o al menos no prevenido, Jalife-Rahme invit\u00f3 al religioso a revisar las posturas sobre el tema del presidente Joe Biden, la legisladora Nancy Pelosi o el pol\u00edtico y exmilitar John Kerry, hoy encargado de Washington para asuntos clim\u00e1ticos.<\/p>\n<p><strong>Fuente: Sputnik<\/strong><\/p>\n","protected":false},"excerpt":{"rendered":"<p>&#8220;No hay que perder mucho el tiempo en disquisiciones baratas: \u00a1lo que est\u00e1 en juego en Ucrania es el fin del orden unipolar anglosaj\u00f3n y el inicio del nuevo orden multipolar!&#8221; Damasco, 7 sep (SANA) El conflicto de Ucrania puede entenderse como una guerra de 100 a\u00f1os durante los que Estados Unidos ha buscado la &hellip;<\/p>\n","protected":false},"author":36,"featured_media":251811,"comment_status":"closed","ping_status":"closed","sticky":false,"template":"","format":"standard","meta":{"footnotes":""},"categories":[597,456,20724,457,583],"tags":[],"class_list":["post-251800","post","type-post","status-publish","format-standard","has-post-thumbnail","","category-cinta-de-noticias","category-arabe-internacional-politica","category-minuto-a-minuto","category-noticias-arabe-internacional-politica","category-slide"],"_links":{"self":[{"href":"https:\/\/archive.sana.sy\/es\/index.php?rest_route=\/wp\/v2\/posts\/251800"}],"collection":[{"href":"https:\/\/archive.sana.sy\/es\/index.php?rest_route=\/wp\/v2\/posts"}],"about":[{"href":"https:\/\/archive.sana.sy\/es\/index.php?rest_route=\/wp\/v2\/types\/post"}],"author":[{"embeddable":true,"href":"https:\/\/archive.sana.sy\/es\/index.php?rest_route=\/wp\/v2\/users\/36"}],"replies":[{"embeddable":true,"href":"https:\/\/archive.sana.sy\/es\/index.php?rest_route=%2Fwp%2Fv2%2Fcomments&post=251800"}],"version-history":[{"count":0,"href":"https:\/\/archive.sana.sy\/es\/index.php?rest_route=\/wp\/v2\/posts\/251800\/revisions"}],"wp:featuredmedia":[{"embeddable":true,"href":"https:\/\/archive.sana.sy\/es\/index.php?rest_route=\/wp\/v2\/media\/251811"}],"wp:attachment":[{"href":"https:\/\/archive.sana.sy\/es\/index.php?rest_route=%2Fwp%2Fv2%2Fmedia&parent=251800"}],"wp:term":[{"taxonomy":"category","embeddable":true,"href":"https:\/\/archive.sana.sy\/es\/index.php?rest_route=%2Fwp%2Fv2%2Fcategories&post=251800"},{"taxonomy":"post_tag","embeddable":true,"href":"https:\/\/archive.sana.sy\/es\/index.php?rest_route=%2Fwp%2Fv2%2Ftags&post=251800"}],"curies":[{"name":"wp","href":"https:\/\/api.w.org\/{rel}","templated":true}]}}