{"id":251877,"date":"2022-09-08T14:42:53","date_gmt":"2022-09-08T11:42:53","guid":{"rendered":"http:\/\/107.6.182.27\/es\/?p=251877"},"modified":"2022-09-08T14:42:53","modified_gmt":"2022-09-08T11:42:53","slug":"conversaciones-sirio-bielorrusas-sobre-cooperacion-en-el-sector-de-vivienda","status":"publish","type":"post","link":"https:\/\/archive.sana.sy\/es\/?p=251877","title":{"rendered":"Conversaciones sirio-bielorrusas sobre cooperaci\u00f3n en el sector de vivienda"},"content":{"rendered":"<p style=\"text-align: justify;\"><span style=\"color: #800000;\"><strong>Damasco, 08 sep (SANA) <\/strong><\/span>El ministro de Obras P\u00fablicas y Vivienda, Suhail Abdul-Latif, examin\u00f3 con el embajador de Bielorrusia en Damasco, Yuri Sloka, los acuerdos y memorandos de entendimiento que resultaron de las reuniones del Comit\u00e9 Conjunto Sirio-Bielorruso celebradas en Minsk a principios del a\u00f1o en curso.<\/p>\n<p style=\"text-align: justify;\">El embajador bielorruso hizo una presentaci\u00f3n sobre las especificaciones t\u00e9cnicas de las maquinarias de ingenier\u00eda y todo lo relacionado con el proyecto de suministro de las mismas, donde se acord\u00f3 formar un comit\u00e9 t\u00e9cnico de ambas partes para estudiar la oferta.<\/p>\n<p style=\"text-align: justify;\">El Titular de Obras P\u00fablicas destac\u00f3 la importancia de desarrollar las relaciones econ\u00f3mico-comerciales a luz de las buenas relaciones pol\u00edticas entre Siria y Bielorrusia.<\/p>\n<p style=\"text-align: justify;\">El embajador Sloka subray\u00f3 la necesidad de dar seguimiento a los puntos relacionados con los documentos de cooperaci\u00f3n y establecer un calendario para la implementaci\u00f3n de todo lo acordado en los protocolos anteriores.<\/p>\n<p style=\"text-align: justify;\"><em><strong>ah\/rsh<\/strong><\/em><\/p>\n","protected":false},"excerpt":{"rendered":"<p>Damasco, 08 sep (SANA) El ministro de Obras P\u00fablicas y Vivienda, Suhail Abdul-Latif, examin\u00f3 con el embajador de Bielorrusia en Damasco, Yuri Sloka, los acuerdos y memorandos de entendimiento que resultaron de las reuniones del Comit\u00e9 Conjunto Sirio-Bielorruso celebradas en Minsk a principios del a\u00f1o en curso. El embajador bielorruso hizo una presentaci\u00f3n sobre las &hellip;<\/p>\n","protected":false},"author":30,"featured_media":251878,"comment_status":"closed","ping_status":"closed","sticky":false,"template":"","format":"standard","meta":{"footnotes":""},"categories":[597,20724,467,7541],"tags":[],"class_list":["post-251877","post","type-post","status-publish","format-standard","has-post-thumbnail","","category-cinta-de-noticias","category-minuto-a-minuto","category-siria-y-el-mundo","category-ultimas-noticias"],"_links":{"self":[{"href":"https:\/\/archive.sana.sy\/es\/index.php?rest_route=\/wp\/v2\/posts\/251877"}],"collection":[{"href":"https:\/\/archive.sana.sy\/es\/index.php?rest_route=\/wp\/v2\/posts"}],"about":[{"href":"https:\/\/archive.sana.sy\/es\/index.php?rest_route=\/wp\/v2\/types\/post"}],"author":[{"embeddable":true,"href":"https:\/\/archive.sana.sy\/es\/index.php?rest_route=\/wp\/v2\/users\/30"}],"replies":[{"embeddable":true,"href":"https:\/\/archive.sana.sy\/es\/index.php?rest_route=%2Fwp%2Fv2%2Fcomments&post=251877"}],"version-history":[{"count":0,"href":"https:\/\/archive.sana.sy\/es\/index.php?rest_route=\/wp\/v2\/posts\/251877\/revisions"}],"wp:featuredmedia":[{"embeddable":true,"href":"https:\/\/archive.sana.sy\/es\/index.php?rest_route=\/wp\/v2\/media\/251878"}],"wp:attachment":[{"href":"https:\/\/archive.sana.sy\/es\/index.php?rest_route=%2Fwp%2Fv2%2Fmedia&parent=251877"}],"wp:term":[{"taxonomy":"category","embeddable":true,"href":"https:\/\/archive.sana.sy\/es\/index.php?rest_route=%2Fwp%2Fv2%2Fcategories&post=251877"},{"taxonomy":"post_tag","embeddable":true,"href":"https:\/\/archive.sana.sy\/es\/index.php?rest_route=%2Fwp%2Fv2%2Ftags&post=251877"}],"curies":[{"name":"wp","href":"https:\/\/api.w.org\/{rel}","templated":true}]}}