{"id":251880,"date":"2022-09-08T14:47:12","date_gmt":"2022-09-08T11:47:12","guid":{"rendered":"http:\/\/107.6.182.27\/es\/?p=251880"},"modified":"2022-09-08T14:47:12","modified_gmt":"2022-09-08T11:47:12","slug":"conversaciones-sirio-bielorrusas-para-consolidar-la-cooperacion-en-el-campo-del-transporte","status":"publish","type":"post","link":"https:\/\/archive.sana.sy\/es\/?p=251880","title":{"rendered":"Conversaciones sirio-bielorrusas para consolidar la cooperaci\u00f3n en el campo del transporte"},"content":{"rendered":"<p style=\"text-align: justify;\"><span style=\"color: #800000;\"><strong>Minsk, 08 sep (SANA) <\/strong><\/span>El Embajador de Siria en Bielorrusia, Mohammed Amrani, examin\u00f3 con el Viceministro de Transportes y Comunicaciones bielorruso, Sergey Dubina, los preparativos para la reuni\u00f3n del Comit\u00e9 Conjunto Sirio-Bielorruso sobre Transporte Terrestre en aplicaci\u00f3n del protocolo del Comit\u00e9 Intergubernamental celebrado a principios de este a\u00f1o.<\/p>\n<p style=\"text-align: justify;\">Ambas partes resaltaron la necesidad de continuar la celebraci\u00f3n de reuniones del Comit\u00e9 Mixto de Transporte Terrestre para abordar las diversas cuestiones correspondientes.<\/p>\n<p style=\"text-align: justify;\">Asimismo, hicieron hincapi\u00e9 en la importancia de consolidar la cooperaci\u00f3n en el campo del transporte como uno de los aspectos de la excelente cooperaci\u00f3n bilateral, lo que mejorar\u00eda la capacidad de hacer frente a los desaf\u00edos y lograr los intereses comunes de los dos pa\u00edses amigos.<\/p>\n<p style=\"text-align: justify;\"><em><strong>ah\/rsh<\/strong><\/em><\/p>\n","protected":false},"excerpt":{"rendered":"<p>Minsk, 08 sep (SANA) El Embajador de Siria en Bielorrusia, Mohammed Amrani, examin\u00f3 con el Viceministro de Transportes y Comunicaciones bielorruso, Sergey Dubina, los preparativos para la reuni\u00f3n del Comit\u00e9 Conjunto Sirio-Bielorruso sobre Transporte Terrestre en aplicaci\u00f3n del protocolo del Comit\u00e9 Intergubernamental celebrado a principios de este a\u00f1o. Ambas partes resaltaron la necesidad de continuar &hellip;<\/p>\n","protected":false},"author":30,"featured_media":251881,"comment_status":"closed","ping_status":"closed","sticky":false,"template":"","format":"standard","meta":{"footnotes":""},"categories":[597,20724,467,7541],"tags":[],"class_list":["post-251880","post","type-post","status-publish","format-standard","has-post-thumbnail","","category-cinta-de-noticias","category-minuto-a-minuto","category-siria-y-el-mundo","category-ultimas-noticias"],"_links":{"self":[{"href":"https:\/\/archive.sana.sy\/es\/index.php?rest_route=\/wp\/v2\/posts\/251880"}],"collection":[{"href":"https:\/\/archive.sana.sy\/es\/index.php?rest_route=\/wp\/v2\/posts"}],"about":[{"href":"https:\/\/archive.sana.sy\/es\/index.php?rest_route=\/wp\/v2\/types\/post"}],"author":[{"embeddable":true,"href":"https:\/\/archive.sana.sy\/es\/index.php?rest_route=\/wp\/v2\/users\/30"}],"replies":[{"embeddable":true,"href":"https:\/\/archive.sana.sy\/es\/index.php?rest_route=%2Fwp%2Fv2%2Fcomments&post=251880"}],"version-history":[{"count":0,"href":"https:\/\/archive.sana.sy\/es\/index.php?rest_route=\/wp\/v2\/posts\/251880\/revisions"}],"wp:featuredmedia":[{"embeddable":true,"href":"https:\/\/archive.sana.sy\/es\/index.php?rest_route=\/wp\/v2\/media\/251881"}],"wp:attachment":[{"href":"https:\/\/archive.sana.sy\/es\/index.php?rest_route=%2Fwp%2Fv2%2Fmedia&parent=251880"}],"wp:term":[{"taxonomy":"category","embeddable":true,"href":"https:\/\/archive.sana.sy\/es\/index.php?rest_route=%2Fwp%2Fv2%2Fcategories&post=251880"},{"taxonomy":"post_tag","embeddable":true,"href":"https:\/\/archive.sana.sy\/es\/index.php?rest_route=%2Fwp%2Fv2%2Ftags&post=251880"}],"curies":[{"name":"wp","href":"https:\/\/api.w.org\/{rel}","templated":true}]}}