{"id":251883,"date":"2022-09-08T15:12:42","date_gmt":"2022-09-08T12:12:42","guid":{"rendered":"http:\/\/107.6.182.27\/es\/?p=251883"},"modified":"2023-01-10T15:53:31","modified_gmt":"2023-01-10T13:53:31","slug":"orban-los-intentos-de-debilitar-a-rusia-no-han-tenido-exito","status":"publish","type":"post","link":"https:\/\/archive.sana.sy\/es\/?p=251883","title":{"rendered":"Orban: Los intentos de debilitar a Rusia no han tenido \u00e9xito"},"content":{"rendered":"<p style=\"text-align: justify;\"><span style=\"color: #800000;\"><strong>Budapest, 08 sep (SANA) <\/strong><\/span>El primer ministro h\u00fangaro, Viktor Orban, enfatiz\u00f3 que los intentos de debilitar a Rusia no han tenido \u00e9xito y que las sanciones occidentales podr\u00edan obligar a Europa a ponerse de rodillas.<\/p>\n<p style=\"text-align: justify;\">El sitio web Russia Today cit\u00f3 a Orban diciendo: &#8220;Hasta ahora se han impuesto 11.000 sanciones contra Rusia, pero no han tenido \u00e9xito, dado que la inflaci\u00f3n y la escasez de energ\u00eda resultantes pueden hacer que Europa se arrodille&#8221;, y se\u00f1al\u00f3 que los intentos de debilitar a los rusos son infructuosos.<\/p>\n<p style=\"text-align: justify;\">Horas antes el primer ministro ruso, Mikhail Mishustin, anunci\u00f3 que los intentos de los pa\u00edses occidentales de imponer restricciones y sanciones al sector energ\u00e9tica de Rusia condujeron a un aumento de sus recursos y ganancias en casi el 50 por ciento.<\/p>\n<p style=\"text-align: justify;\"><em><strong>rsh\/ah<\/strong><\/em><\/p>\n","protected":false},"excerpt":{"rendered":"<p>Budapest, 08 sep (SANA) El primer ministro h\u00fangaro, Viktor Orban, enfatiz\u00f3 que los intentos de debilitar a Rusia no han tenido \u00e9xito y que las sanciones occidentales podr\u00edan obligar a Europa a ponerse de rodillas. El sitio web Russia Today cit\u00f3 a Orban diciendo: &#8220;Hasta ahora se han impuesto 11.000 sanciones contra Rusia, pero no &hellip;<\/p>\n","protected":false},"author":30,"featured_media":251884,"comment_status":"closed","ping_status":"closed","sticky":false,"template":"","format":"standard","meta":{"footnotes":""},"categories":[456,20724],"tags":[],"class_list":["post-251883","post","type-post","status-publish","format-standard","has-post-thumbnail","","category-arabe-internacional-politica","category-minuto-a-minuto"],"_links":{"self":[{"href":"https:\/\/archive.sana.sy\/es\/index.php?rest_route=\/wp\/v2\/posts\/251883"}],"collection":[{"href":"https:\/\/archive.sana.sy\/es\/index.php?rest_route=\/wp\/v2\/posts"}],"about":[{"href":"https:\/\/archive.sana.sy\/es\/index.php?rest_route=\/wp\/v2\/types\/post"}],"author":[{"embeddable":true,"href":"https:\/\/archive.sana.sy\/es\/index.php?rest_route=\/wp\/v2\/users\/30"}],"replies":[{"embeddable":true,"href":"https:\/\/archive.sana.sy\/es\/index.php?rest_route=%2Fwp%2Fv2%2Fcomments&post=251883"}],"version-history":[{"count":0,"href":"https:\/\/archive.sana.sy\/es\/index.php?rest_route=\/wp\/v2\/posts\/251883\/revisions"}],"wp:featuredmedia":[{"embeddable":true,"href":"https:\/\/archive.sana.sy\/es\/index.php?rest_route=\/wp\/v2\/media\/251884"}],"wp:attachment":[{"href":"https:\/\/archive.sana.sy\/es\/index.php?rest_route=%2Fwp%2Fv2%2Fmedia&parent=251883"}],"wp:term":[{"taxonomy":"category","embeddable":true,"href":"https:\/\/archive.sana.sy\/es\/index.php?rest_route=%2Fwp%2Fv2%2Fcategories&post=251883"},{"taxonomy":"post_tag","embeddable":true,"href":"https:\/\/archive.sana.sy\/es\/index.php?rest_route=%2Fwp%2Fv2%2Ftags&post=251883"}],"curies":[{"name":"wp","href":"https:\/\/api.w.org\/{rel}","templated":true}]}}