{"id":251886,"date":"2022-09-08T15:29:48","date_gmt":"2022-09-08T12:29:48","guid":{"rendered":"http:\/\/107.6.182.27\/es\/?p=251886"},"modified":"2023-01-10T15:53:31","modified_gmt":"2023-01-10T13:53:31","slug":"las-fuerzas-de-ocupacion-arrestan-a-13-palestinos-en-cisjordania","status":"publish","type":"post","link":"https:\/\/archive.sana.sy\/es\/?p=251886","title":{"rendered":"Las fuerzas de ocupaci\u00f3n arrestan a 13 palestinos en Cisjordania"},"content":{"rendered":"<p style=\"text-align: justify;\"><span style=\"color: #800000;\"><strong>Jerusal\u00e9n ocupada, 08 sep (SANA)\u00a0<\/strong><\/span>Las fuerzas de ocupaci\u00f3n israel\u00edes arrestaron a trece palestinos en \u00e1reas separadas de Cisjordania.<\/p>\n<p style=\"text-align: justify;\">La Agencia Palestina Wafa declar\u00f3 que las fuerzas de ocupaci\u00f3n asaltaron el campamento de refugiados de Jenin, la ciudad de Surif en Hebr\u00f3n, el campo de refugiados de Qalandia y una aldea beduina en la Jerusal\u00e9n ocupada, donde arrestaron a 9 palestinos adem\u00e1s de otros cuatro, incluidos 3 periodistas, mientras trabajaban en la Ciudad Vieja de Hebr\u00f3n.<\/p>\n<p style=\"text-align: justify;\"><em><strong>rsh\/ah<\/strong><\/em><\/p>\n","protected":false},"excerpt":{"rendered":"<p>Jerusal\u00e9n ocupada, 08 sep (SANA)\u00a0Las fuerzas de ocupaci\u00f3n israel\u00edes arrestaron a trece palestinos en \u00e1reas separadas de Cisjordania. La Agencia Palestina Wafa declar\u00f3 que las fuerzas de ocupaci\u00f3n asaltaron el campamento de refugiados de Jenin, la ciudad de Surif en Hebr\u00f3n, el campo de refugiados de Qalandia y una aldea beduina en la Jerusal\u00e9n ocupada, &hellip;<\/p>\n","protected":false},"author":30,"featured_media":251887,"comment_status":"closed","ping_status":"closed","sticky":false,"template":"","format":"standard","meta":{"footnotes":""},"categories":[456,20724],"tags":[],"class_list":["post-251886","post","type-post","status-publish","format-standard","has-post-thumbnail","","category-arabe-internacional-politica","category-minuto-a-minuto"],"_links":{"self":[{"href":"https:\/\/archive.sana.sy\/es\/index.php?rest_route=\/wp\/v2\/posts\/251886"}],"collection":[{"href":"https:\/\/archive.sana.sy\/es\/index.php?rest_route=\/wp\/v2\/posts"}],"about":[{"href":"https:\/\/archive.sana.sy\/es\/index.php?rest_route=\/wp\/v2\/types\/post"}],"author":[{"embeddable":true,"href":"https:\/\/archive.sana.sy\/es\/index.php?rest_route=\/wp\/v2\/users\/30"}],"replies":[{"embeddable":true,"href":"https:\/\/archive.sana.sy\/es\/index.php?rest_route=%2Fwp%2Fv2%2Fcomments&post=251886"}],"version-history":[{"count":0,"href":"https:\/\/archive.sana.sy\/es\/index.php?rest_route=\/wp\/v2\/posts\/251886\/revisions"}],"wp:featuredmedia":[{"embeddable":true,"href":"https:\/\/archive.sana.sy\/es\/index.php?rest_route=\/wp\/v2\/media\/251887"}],"wp:attachment":[{"href":"https:\/\/archive.sana.sy\/es\/index.php?rest_route=%2Fwp%2Fv2%2Fmedia&parent=251886"}],"wp:term":[{"taxonomy":"category","embeddable":true,"href":"https:\/\/archive.sana.sy\/es\/index.php?rest_route=%2Fwp%2Fv2%2Fcategories&post=251886"},{"taxonomy":"post_tag","embeddable":true,"href":"https:\/\/archive.sana.sy\/es\/index.php?rest_route=%2Fwp%2Fv2%2Ftags&post=251886"}],"curies":[{"name":"wp","href":"https:\/\/api.w.org\/{rel}","templated":true}]}}