{"id":251903,"date":"2022-09-08T17:28:08","date_gmt":"2022-09-08T14:28:08","guid":{"rendered":"http:\/\/107.6.182.27\/es\/?p=251903"},"modified":"2022-09-08T17:28:08","modified_gmt":"2022-09-08T14:28:08","slug":"canciller-recibe-credenciales-del-embajador-de-brasil-en-damasco","status":"publish","type":"post","link":"https:\/\/archive.sana.sy\/es\/?p=251903","title":{"rendered":"Canciller recibe credenciales del Embajador de Brasil en Damasco"},"content":{"rendered":"<p style=\"text-align: justify;\"><span style=\"color: #800000;\"><strong>Damasco, 08 sep (SANA) <\/strong><\/span>El Ministro de Exteriores y Expatriados, Faisal al-Mekdad, recibi\u00f3 una copia de las cartas credenciales de Andr\u00e9 dos Santos, como Embajador Extraordinario y Plenipotenciario de la Rep\u00fablica Federal de Brasil ante la Rep\u00fablica \u00c1rabe Siria.<\/p>\n<p style=\"text-align: justify;\">Durante la reuni\u00f3n, las dos partes examinaron las relaciones bilaterales entre ambos pa\u00edses y las v\u00edas de consolidarlas en diversos campos para servir a los intereses de los dos pa\u00edses amigos.<\/p>\n<p style=\"text-align: justify;\">Al comienzo de la reuni\u00f3n, el canciller al-Mekdad acogi\u00f3 con benepl\u00e1cito la decisi\u00f3n del gobierno brasile\u00f1o de nombrar un nuevo embajador en Damasco, as\u00ed como dese\u00f3 al embajador Dos Santos \u00e9xito en el desempe\u00f1o de sus funciones.<\/p>\n<p style=\"text-align: justify;\">Asimismo, hizo hincapi\u00e9 en la importancia de las relaciones hist\u00f3ricas entre Siria y Brasil y el entusiasmo de Siria por desarrollar relaciones en los campos pol\u00edtico, econ\u00f3mico y cultural, as\u00ed como llam\u00f3 a fortalecer la coordinaci\u00f3n entre los dos pa\u00edses en todos los niveles.<\/p>\n<p style=\"text-align: justify;\">En el mismo contexto, al-Mekdad subray\u00f3 la necesidad de beneficiarse de las buenas relaciones entre los dos pueblos amigos debido a la presencia de una gran comunidad influyente de origen sirio en Brasil.<\/p>\n<p style=\"text-align: justify;\">Por su parte, el Embajador brasile\u00f1o expres\u00f3 su profundo agradecimiento y aprecio por la acogida que recibi\u00f3 del gobierno sirio durante los pocos d\u00edas transcurridos desde su llegada a Damasco y ensalz\u00f3 las relaciones amistosas entre los dos pa\u00edses.<\/p>\n<p style=\"text-align: justify;\">Dos Santos expres\u00f3 su aspiraci\u00f3n de trabajar por fortalecer las relaciones sociales, culturales y econ\u00f3micas.<\/p>\n<p style=\"text-align: justify;\">Al respecto, el Embajador brasile\u00f1o present\u00f3 algunos aspectos importantes en que busca trabajar para fortalecer las relaciones bilaterales.<\/p>\n<p style=\"text-align: justify;\"><em><strong>ah\/rsh<\/strong><\/em><\/p>\n","protected":false},"excerpt":{"rendered":"<p>Damasco, 08 sep (SANA) El Ministro de Exteriores y Expatriados, Faisal al-Mekdad, recibi\u00f3 una copia de las cartas credenciales de Andr\u00e9 dos Santos, como Embajador Extraordinario y Plenipotenciario de la Rep\u00fablica Federal de Brasil ante la Rep\u00fablica \u00c1rabe Siria. Durante la reuni\u00f3n, las dos partes examinaron las relaciones bilaterales entre ambos pa\u00edses y las v\u00edas &hellip;<\/p>\n","protected":false},"author":30,"featured_media":251911,"comment_status":"closed","ping_status":"closed","sticky":false,"template":"","format":"standard","meta":{"footnotes":""},"categories":[597,20724,476,7541],"tags":[],"class_list":["post-251903","post","type-post","status-publish","format-standard","has-post-thumbnail","","category-cinta-de-noticias","category-minuto-a-minuto","category-locales","category-ultimas-noticias"],"_links":{"self":[{"href":"https:\/\/archive.sana.sy\/es\/index.php?rest_route=\/wp\/v2\/posts\/251903"}],"collection":[{"href":"https:\/\/archive.sana.sy\/es\/index.php?rest_route=\/wp\/v2\/posts"}],"about":[{"href":"https:\/\/archive.sana.sy\/es\/index.php?rest_route=\/wp\/v2\/types\/post"}],"author":[{"embeddable":true,"href":"https:\/\/archive.sana.sy\/es\/index.php?rest_route=\/wp\/v2\/users\/30"}],"replies":[{"embeddable":true,"href":"https:\/\/archive.sana.sy\/es\/index.php?rest_route=%2Fwp%2Fv2%2Fcomments&post=251903"}],"version-history":[{"count":0,"href":"https:\/\/archive.sana.sy\/es\/index.php?rest_route=\/wp\/v2\/posts\/251903\/revisions"}],"wp:featuredmedia":[{"embeddable":true,"href":"https:\/\/archive.sana.sy\/es\/index.php?rest_route=\/wp\/v2\/media\/251911"}],"wp:attachment":[{"href":"https:\/\/archive.sana.sy\/es\/index.php?rest_route=%2Fwp%2Fv2%2Fmedia&parent=251903"}],"wp:term":[{"taxonomy":"category","embeddable":true,"href":"https:\/\/archive.sana.sy\/es\/index.php?rest_route=%2Fwp%2Fv2%2Fcategories&post=251903"},{"taxonomy":"post_tag","embeddable":true,"href":"https:\/\/archive.sana.sy\/es\/index.php?rest_route=%2Fwp%2Fv2%2Ftags&post=251903"}],"curies":[{"name":"wp","href":"https:\/\/api.w.org\/{rel}","templated":true}]}}