{"id":251917,"date":"2022-09-08T17:54:43","date_gmt":"2022-09-08T14:54:43","guid":{"rendered":"http:\/\/107.6.182.27\/es\/?p=251917"},"modified":"2023-01-10T15:53:30","modified_gmt":"2023-01-10T13:53:30","slug":"la-reina-isabel-ii-del-reino-unido-se-encuentra-en-mala-situacion-de-salud","status":"publish","type":"post","link":"https:\/\/archive.sana.sy\/es\/?p=251917","title":{"rendered":"La reina Isabel II del Reino Unido se encuentra en mala situaci\u00f3n de salud"},"content":{"rendered":"<p style=\"text-align: justify;\"><span style=\"color: #800000;\"><strong>Damasco, 08 sep (SANA) <\/strong><\/span>La reina Isabel II del Reino Unido se encuentra bajo supervisi\u00f3n m\u00e9dica, donde sus m\u00e9dicos expresaron su preocupaci\u00f3n por su salud, seg\u00fan comunic\u00f3 el Palacio de Buckingham.<\/p>\n<p style=\"text-align: justify;\">Al respecto, los cuatro hijos de la reina Isabel II y el pr\u00edncipe William llegaron emergentemente al castillo de Balmoral para reunirse con la reina.<\/p>\n<p style=\"text-align: justify;\">De acuerdo a los medios de comunicaci\u00f3n brit\u00e1nicos, decenas de simpatizantes se han reunido frente a las puertas del castillo de Balmoral, en Escocia.<\/p>\n<p style=\"text-align: justify;\">Los oficiales de polic\u00eda montan guardia en los alrededores de la entrada que conduce al Castillo.<\/p>\n<p style=\"text-align: justify;\"><em><strong>ah\/fm<\/strong><\/em><\/p>\n","protected":false},"excerpt":{"rendered":"<p>Damasco, 08 sep (SANA) La reina Isabel II del Reino Unido se encuentra bajo supervisi\u00f3n m\u00e9dica, donde sus m\u00e9dicos expresaron su preocupaci\u00f3n por su salud, seg\u00fan comunic\u00f3 el Palacio de Buckingham. Al respecto, los cuatro hijos de la reina Isabel II y el pr\u00edncipe William llegaron emergentemente al castillo de Balmoral para reunirse con la &hellip;<\/p>\n","protected":false},"author":30,"featured_media":251918,"comment_status":"closed","ping_status":"closed","sticky":false,"template":"","format":"standard","meta":{"footnotes":""},"categories":[456,20724],"tags":[],"class_list":["post-251917","post","type-post","status-publish","format-standard","has-post-thumbnail","","category-arabe-internacional-politica","category-minuto-a-minuto"],"_links":{"self":[{"href":"https:\/\/archive.sana.sy\/es\/index.php?rest_route=\/wp\/v2\/posts\/251917"}],"collection":[{"href":"https:\/\/archive.sana.sy\/es\/index.php?rest_route=\/wp\/v2\/posts"}],"about":[{"href":"https:\/\/archive.sana.sy\/es\/index.php?rest_route=\/wp\/v2\/types\/post"}],"author":[{"embeddable":true,"href":"https:\/\/archive.sana.sy\/es\/index.php?rest_route=\/wp\/v2\/users\/30"}],"replies":[{"embeddable":true,"href":"https:\/\/archive.sana.sy\/es\/index.php?rest_route=%2Fwp%2Fv2%2Fcomments&post=251917"}],"version-history":[{"count":0,"href":"https:\/\/archive.sana.sy\/es\/index.php?rest_route=\/wp\/v2\/posts\/251917\/revisions"}],"wp:featuredmedia":[{"embeddable":true,"href":"https:\/\/archive.sana.sy\/es\/index.php?rest_route=\/wp\/v2\/media\/251918"}],"wp:attachment":[{"href":"https:\/\/archive.sana.sy\/es\/index.php?rest_route=%2Fwp%2Fv2%2Fmedia&parent=251917"}],"wp:term":[{"taxonomy":"category","embeddable":true,"href":"https:\/\/archive.sana.sy\/es\/index.php?rest_route=%2Fwp%2Fv2%2Fcategories&post=251917"},{"taxonomy":"post_tag","embeddable":true,"href":"https:\/\/archive.sana.sy\/es\/index.php?rest_route=%2Fwp%2Fv2%2Ftags&post=251917"}],"curies":[{"name":"wp","href":"https:\/\/api.w.org\/{rel}","templated":true}]}}