{"id":251920,"date":"2022-09-08T18:12:11","date_gmt":"2022-09-08T15:12:11","guid":{"rendered":"http:\/\/107.6.182.27\/es\/?p=251920"},"modified":"2022-09-08T18:19:49","modified_gmt":"2022-09-08T15:19:49","slug":"aumenta-a-13-cifra-de-victimas-mortales-por-colapso-de-un-edificio-en-alepo-norte-de-siria","status":"publish","type":"post","link":"https:\/\/archive.sana.sy\/es\/?p=251920","title":{"rendered":"Aumenta a 13 cifra de v\u00edctimas mortales por colapso de un edificio en Alepo, norte de Siria"},"content":{"rendered":"<p style=\"text-align: justify;\"><span style=\"color: #800000;\"><strong>Alepo, 08 sep (SANA)<\/strong><\/span> Los equipos de bomberos y de Defensa Civil rescataron hoy los cuerpos de dos ni\u00f1os, de 5 y 13 a\u00f1os de edad, de debajo de los escombros del edificio colapsado en la provincia norte\u00f1a de Alepo, se elev\u00f3 a 13 la cifra de v\u00edctimas mortales.<\/p>\n<p style=\"text-align: justify;\">De acuerdo a las cifras anunciada por las autoridades, entre las v\u00edctimas figuran seis mujeres, cinco ni\u00f1os y un hombre.<\/p>\n<p style=\"text-align: justify;\">Anteriormente, un ni\u00f1o y una mujer fueron rescatados de debajo de los escombros y trasladados al hospital para recibir tratamiento.<\/p>\n<p style=\"text-align: justify;\">El comandante de polic\u00eda, el general de divisi\u00f3n Deeb Dib, dijo a SANA que el edificio tiene cinco pisos y se derrumb\u00f3 por completo.<\/p>\n<p style=\"text-align: justify;\">Agreg\u00f3 que los equipos de Defensa Civil, los bomberos y los cuadros de salud y los funcionarios del ayuntamiento comenzaron a evacuar los residentes de los edificios cercanos y retirar los escombros.<\/p>\n<p style=\"text-align: justify;\">Maad Medlaji, jefe del Ayuntamiento de Alepo, dijo que la raz\u00f3n del derrumbe del edificio fue la falta de cimientos, y aclar\u00f3 que es un edificio dentro del \u00e1rea residencial irregular que fue asolada por el terrorismo.<\/p>\n<p style=\"text-align: justify;\">El gobernador de Alepo, Hussein Diab, orden\u00f3 evacuar el \u00e1rea y tomar las medidas necesarias para dar seguimiento a la remoci\u00f3n de los escombros y la evacuaci\u00f3n de las personas del lugar.<\/p>\n<p style=\"text-align: justify;\"><em><strong>ah\/fm<\/strong><\/em><\/p>\n","protected":false},"excerpt":{"rendered":"<p>Alepo, 08 sep (SANA) Los equipos de bomberos y de Defensa Civil rescataron hoy los cuerpos de dos ni\u00f1os, de 5 y 13 a\u00f1os de edad, de debajo de los escombros del edificio colapsado en la provincia norte\u00f1a de Alepo, se elev\u00f3 a 13 la cifra de v\u00edctimas mortales. De acuerdo a las cifras anunciada &hellip;<\/p>\n","protected":false},"author":30,"featured_media":251921,"comment_status":"closed","ping_status":"closed","sticky":false,"template":"","format":"standard","meta":{"footnotes":""},"categories":[597,476,457,7541],"tags":[],"class_list":["post-251920","post","type-post","status-publish","format-standard","has-post-thumbnail","","category-cinta-de-noticias","category-locales","category-noticias-arabe-internacional-politica","category-ultimas-noticias"],"_links":{"self":[{"href":"https:\/\/archive.sana.sy\/es\/index.php?rest_route=\/wp\/v2\/posts\/251920"}],"collection":[{"href":"https:\/\/archive.sana.sy\/es\/index.php?rest_route=\/wp\/v2\/posts"}],"about":[{"href":"https:\/\/archive.sana.sy\/es\/index.php?rest_route=\/wp\/v2\/types\/post"}],"author":[{"embeddable":true,"href":"https:\/\/archive.sana.sy\/es\/index.php?rest_route=\/wp\/v2\/users\/30"}],"replies":[{"embeddable":true,"href":"https:\/\/archive.sana.sy\/es\/index.php?rest_route=%2Fwp%2Fv2%2Fcomments&post=251920"}],"version-history":[{"count":0,"href":"https:\/\/archive.sana.sy\/es\/index.php?rest_route=\/wp\/v2\/posts\/251920\/revisions"}],"wp:featuredmedia":[{"embeddable":true,"href":"https:\/\/archive.sana.sy\/es\/index.php?rest_route=\/wp\/v2\/media\/251921"}],"wp:attachment":[{"href":"https:\/\/archive.sana.sy\/es\/index.php?rest_route=%2Fwp%2Fv2%2Fmedia&parent=251920"}],"wp:term":[{"taxonomy":"category","embeddable":true,"href":"https:\/\/archive.sana.sy\/es\/index.php?rest_route=%2Fwp%2Fv2%2Fcategories&post=251920"},{"taxonomy":"post_tag","embeddable":true,"href":"https:\/\/archive.sana.sy\/es\/index.php?rest_route=%2Fwp%2Fv2%2Ftags&post=251920"}],"curies":[{"name":"wp","href":"https:\/\/api.w.org\/{rel}","templated":true}]}}