{"id":251972,"date":"2022-09-08T22:32:13","date_gmt":"2022-09-08T19:32:13","guid":{"rendered":"http:\/\/107.6.182.27\/es\/?p=251972"},"modified":"2023-01-10T15:53:29","modified_gmt":"2023-01-10T13:53:29","slug":"roban-documentos-confidenciales-de-la-otan-y-los-ponen-a-la-venta-en-la-darkweb","status":"publish","type":"post","link":"https:\/\/archive.sana.sy\/es\/?p=251972","title":{"rendered":"Roban documentos confidenciales de la OTAN y los ponen a la venta en la &#8216;darkweb&#8217;"},"content":{"rendered":"<blockquote><p><span style=\"color: #808080;\"><strong>El robo de los documentos se dio en un ciberataque &#8220;sin precedentes&#8221; al Estado Mayor General de las Fuerzas Armadas (EMGFA) portuguesas<\/strong><\/span><\/p><\/blockquote>\n<p style=\"text-align: justify;\"><span style=\"color: #800000;\"><strong>Lisboa, 8 sep (SANA)<\/strong><\/span> El medio portugu\u00e9s Di\u00e1rio de Not\u00edcias revel\u00f3 que cientos de documentos confidenciales enviados por la Organizaci\u00f3n del Tratado del Atl\u00e1ntico Norte (OTAN) a Portugal fueron robados y puestos a la venta en la &#8216;darkweb&#8217;.<\/p>\n<p style=\"text-align: justify;\">El robo de los documentos se dio en un ciberataque &#8220;sin precedentes&#8221; al Estado Mayor General de las Fuerzas Armadas (EMGFA) portuguesas, indicaron fuentes que siguen el caso al mencionado medio.<\/p>\n<p style=\"text-align: justify;\">&#8220;Fue un ciberataque prolongado e indetectable, llevado a cabo por &#8216;bots&#8217; programados para detectar este tipo de documentos&#8221;, dijeron las fuentes.<\/p>\n<p style=\"text-align: justify;\">Sin embargo, no fueron los portugueses quienes se dieron cuenta del robo, sino que lo hizo la Inteligencia estadounidense al encontrar los documentos, clasificados como &#8220;secretos y confidenciales&#8221;, a la venta en la &#8216;darkweb.<\/p>\n<p>fm\/mm<\/p>\n","protected":false},"excerpt":{"rendered":"<p>El robo de los documentos se dio en un ciberataque &#8220;sin precedentes&#8221; al Estado Mayor General de las Fuerzas Armadas (EMGFA) portuguesas Lisboa, 8 sep (SANA) El medio portugu\u00e9s Di\u00e1rio de Not\u00edcias revel\u00f3 que cientos de documentos confidenciales enviados por la Organizaci\u00f3n del Tratado del Atl\u00e1ntico Norte (OTAN) a Portugal fueron robados y puestos a &hellip;<\/p>\n","protected":false},"author":36,"featured_media":251974,"comment_status":"closed","ping_status":"closed","sticky":false,"template":"","format":"standard","meta":{"footnotes":""},"categories":[597,456,20724,457,1],"tags":[19811],"class_list":["post-251972","post","type-post","status-publish","format-standard","has-post-thumbnail","","category-cinta-de-noticias","category-arabe-internacional-politica","category-minuto-a-minuto","category-noticias-arabe-internacional-politica","category-news-not-sorted","tag-otan"],"_links":{"self":[{"href":"https:\/\/archive.sana.sy\/es\/index.php?rest_route=\/wp\/v2\/posts\/251972"}],"collection":[{"href":"https:\/\/archive.sana.sy\/es\/index.php?rest_route=\/wp\/v2\/posts"}],"about":[{"href":"https:\/\/archive.sana.sy\/es\/index.php?rest_route=\/wp\/v2\/types\/post"}],"author":[{"embeddable":true,"href":"https:\/\/archive.sana.sy\/es\/index.php?rest_route=\/wp\/v2\/users\/36"}],"replies":[{"embeddable":true,"href":"https:\/\/archive.sana.sy\/es\/index.php?rest_route=%2Fwp%2Fv2%2Fcomments&post=251972"}],"version-history":[{"count":0,"href":"https:\/\/archive.sana.sy\/es\/index.php?rest_route=\/wp\/v2\/posts\/251972\/revisions"}],"wp:featuredmedia":[{"embeddable":true,"href":"https:\/\/archive.sana.sy\/es\/index.php?rest_route=\/wp\/v2\/media\/251974"}],"wp:attachment":[{"href":"https:\/\/archive.sana.sy\/es\/index.php?rest_route=%2Fwp%2Fv2%2Fmedia&parent=251972"}],"wp:term":[{"taxonomy":"category","embeddable":true,"href":"https:\/\/archive.sana.sy\/es\/index.php?rest_route=%2Fwp%2Fv2%2Fcategories&post=251972"},{"taxonomy":"post_tag","embeddable":true,"href":"https:\/\/archive.sana.sy\/es\/index.php?rest_route=%2Fwp%2Fv2%2Ftags&post=251972"}],"curies":[{"name":"wp","href":"https:\/\/api.w.org\/{rel}","templated":true}]}}