{"id":251989,"date":"2022-09-09T09:13:26","date_gmt":"2022-09-09T06:13:26","guid":{"rendered":"http:\/\/107.6.182.27\/es\/?p=251989"},"modified":"2022-09-09T10:46:33","modified_gmt":"2022-09-09T07:46:33","slug":"aeropuerto-internacional-de-alepo-reanuda-su-actividad","status":"publish","type":"post","link":"https:\/\/archive.sana.sy\/es\/?p=251989","title":{"rendered":"Aeropuerto Internacional de Alepo reanuda su actividad"},"content":{"rendered":"<p style=\"text-align: justify;\"><span style=\"color: #800000;\"><strong>Damasco, 09 sep (SANA) <\/strong><\/span>El Ministerio de Transporte anunci\u00f3 la reanudaci\u00f3n del movimiento de transporte a\u00e9reo a trav\u00e9s del Aeropuerto Internacional de Alepo a partir de hoy viernes 9 de septiembre 2022 a las 12:00 del mediod\u00eda, hora local.<\/p>\n<p style=\"text-align: justify;\">En una nota emitida esta ma\u00f1ana, el Ministerio dijo que los cuadros de la Compa\u00f1\u00eda Genera de Aviaci\u00f3n Civil en cooperaci\u00f3n con nuestras empresas nacionales repararon los da\u00f1os causados por la agresi\u00f3n israel\u00ed que apunt\u00f3 contra la terminal a\u00e9rea en la noche del martes \u00faltimo.<\/p>\n<p style=\"text-align: justify;\">La nota invita a los transportistas a\u00e9reos a reprogramar sus vuelos de llegada y salida a partir de esta fecha, y se\u00f1al\u00f3 que el aeropuerto trabajar\u00e1 a plena capacidad para servir a los viajeros y empresas de aviaci\u00f3n las 24 horas del d\u00eda.<\/p>\n<p style=\"text-align: justify;\">El 6 de septiembre, el Aeropuerto Internacional de Alepo fuera de servicio a ra\u00edz de una brutal agresi\u00f3n israel\u00ed llevada a cabo desde la direcci\u00f3n del Mediterr\u00e1neo al oeste de la ciudad de Latakia.<\/p>\n<p style=\"text-align: justify;\"><em><strong>rsh\/ah<\/strong><\/em><\/p>\n","protected":false},"excerpt":{"rendered":"<p>Damasco, 09 sep (SANA) El Ministerio de Transporte anunci\u00f3 la reanudaci\u00f3n del movimiento de transporte a\u00e9reo a trav\u00e9s del Aeropuerto Internacional de Alepo a partir de hoy viernes 9 de septiembre 2022 a las 12:00 del mediod\u00eda, hora local. En una nota emitida esta ma\u00f1ana, el Ministerio dijo que los cuadros de la Compa\u00f1\u00eda Genera &hellip;<\/p>\n","protected":false},"author":30,"featured_media":251990,"comment_status":"closed","ping_status":"closed","sticky":false,"template":"","format":"standard","meta":{"footnotes":""},"categories":[597,20724,476,583],"tags":[20733,2626,8602,7204,6553],"class_list":["post-251989","post","type-post","status-publish","format-standard","has-post-thumbnail","","category-cinta-de-noticias","category-minuto-a-minuto","category-locales","category-slide","tag-aeropuerto-internacional","tag-alepo","tag-ataque","tag-israel","tag-siria"],"_links":{"self":[{"href":"https:\/\/archive.sana.sy\/es\/index.php?rest_route=\/wp\/v2\/posts\/251989"}],"collection":[{"href":"https:\/\/archive.sana.sy\/es\/index.php?rest_route=\/wp\/v2\/posts"}],"about":[{"href":"https:\/\/archive.sana.sy\/es\/index.php?rest_route=\/wp\/v2\/types\/post"}],"author":[{"embeddable":true,"href":"https:\/\/archive.sana.sy\/es\/index.php?rest_route=\/wp\/v2\/users\/30"}],"replies":[{"embeddable":true,"href":"https:\/\/archive.sana.sy\/es\/index.php?rest_route=%2Fwp%2Fv2%2Fcomments&post=251989"}],"version-history":[{"count":0,"href":"https:\/\/archive.sana.sy\/es\/index.php?rest_route=\/wp\/v2\/posts\/251989\/revisions"}],"wp:featuredmedia":[{"embeddable":true,"href":"https:\/\/archive.sana.sy\/es\/index.php?rest_route=\/wp\/v2\/media\/251990"}],"wp:attachment":[{"href":"https:\/\/archive.sana.sy\/es\/index.php?rest_route=%2Fwp%2Fv2%2Fmedia&parent=251989"}],"wp:term":[{"taxonomy":"category","embeddable":true,"href":"https:\/\/archive.sana.sy\/es\/index.php?rest_route=%2Fwp%2Fv2%2Fcategories&post=251989"},{"taxonomy":"post_tag","embeddable":true,"href":"https:\/\/archive.sana.sy\/es\/index.php?rest_route=%2Fwp%2Fv2%2Ftags&post=251989"}],"curies":[{"name":"wp","href":"https:\/\/api.w.org\/{rel}","templated":true}]}}