{"id":251997,"date":"2022-09-09T10:41:03","date_gmt":"2022-09-09T07:41:03","guid":{"rendered":"http:\/\/107.6.182.27\/es\/?p=251997"},"modified":"2022-09-09T10:41:03","modified_gmt":"2022-09-09T07:41:03","slug":"siria-lucho-contra-el-terrorismo-en-nombre-de-todo-el-mundo-sin-embargo-no-ha-recibido-apoyo-de-la-comunidad-internacional","status":"publish","type":"post","link":"https:\/\/archive.sana.sy\/es\/?p=251997","title":{"rendered":"Siria luch\u00f3 contra el terrorismo en nombre de todo el mundo, sin embargo, no ha recibido apoyo de la comunidad internacional"},"content":{"rendered":"<p style=\"text-align: justify;\"><span style=\"color: #800000;\"><strong>Damasco, 9 sep (SANA)\u00a0<\/strong><\/span>\u201cSiria luch\u00f3 contra el terrorismo en nombre de todo el mundo y pag\u00f3 precios sin precedentes de sus recursos humanos, econ\u00f3micos y sociales. Siria perdi\u00f3 en su guerra contra las organizaciones terroristas a decenas de miles, entre muertos, heridos y mutilados, mientras se desplazaron millones y se destruyeron infraestructuras y bienes p\u00fablicos, y las p\u00e9rdidas econ\u00f3micas son terribles al tal punto que ning\u00fan pa\u00eds del mundo puede soportar tal situaci\u00f3n\u201d<\/p>\n<p style=\"text-align: justify;\">\u201cSiria no ha recibido ning\u00fan apoyo significativo, ni en el campo de la lucha contra el terrorismo ni en el apoyo a sus v\u00edctimas y sus familias; y lo peor es que todo el pueblo sirio, que ha dado muchos sacrificios, est\u00e1 sujeto a un bloqueo econ\u00f3mico sin precedentes impuesto por pa\u00edses que han contribuido a apoyar el terrorismo o han hecho la vista gorda ante sus partidarios y financiadores\u201d<\/p>\n<p style=\"text-align: justify;\">\u201cEl pueblo sirio merece que la comunidad internacional lo respalde, y apoye sus derechos en el desarrollo sostenible y la recuperaci\u00f3n temprana. Llamamos a tratar las verdaderas causas que llevaron a la propagaci\u00f3n del terrorismo como la pobreza, el hambre, la ocupaci\u00f3n, el uso de la fuerza militar y el silencio respecto al extremismo\u201d.<\/p>\n<p style=\"text-align: justify;\">El Ministro de Asuntos Exteriores de Siria, Faisal al-Mekdad, Canciller en un discurso pronunciado v\u00eda videoconferencia en la apertura de la Conferencia Mundial sobre V\u00edctimas del Terrorismo celebrada en la sede de las Naciones Unidas en Nueva York.<\/p>\n<p style=\"text-align: justify;\"><em><strong>fm\/ah<\/strong><\/em><\/p>\n","protected":false},"excerpt":{"rendered":"<p>Damasco, 9 sep (SANA)\u00a0\u201cSiria luch\u00f3 contra el terrorismo en nombre de todo el mundo y pag\u00f3 precios sin precedentes de sus recursos humanos, econ\u00f3micos y sociales. Siria perdi\u00f3 en su guerra contra las organizaciones terroristas a decenas de miles, entre muertos, heridos y mutilados, mientras se desplazaron millones y se destruyeron infraestructuras y bienes p\u00fablicos, &hellip;<\/p>\n","protected":false},"author":30,"featured_media":251998,"comment_status":"closed","ping_status":"closed","sticky":false,"template":"","format":"standard","meta":{"footnotes":""},"categories":[597,20724,476,583],"tags":[10581,20350,6553,19642],"class_list":["post-251997","post","type-post","status-publish","format-standard","has-post-thumbnail","","category-cinta-de-noticias","category-minuto-a-minuto","category-locales","category-slide","tag-ejercito-arabe-sirio","tag-sanciones","tag-siria","tag-terrorismo"],"_links":{"self":[{"href":"https:\/\/archive.sana.sy\/es\/index.php?rest_route=\/wp\/v2\/posts\/251997"}],"collection":[{"href":"https:\/\/archive.sana.sy\/es\/index.php?rest_route=\/wp\/v2\/posts"}],"about":[{"href":"https:\/\/archive.sana.sy\/es\/index.php?rest_route=\/wp\/v2\/types\/post"}],"author":[{"embeddable":true,"href":"https:\/\/archive.sana.sy\/es\/index.php?rest_route=\/wp\/v2\/users\/30"}],"replies":[{"embeddable":true,"href":"https:\/\/archive.sana.sy\/es\/index.php?rest_route=%2Fwp%2Fv2%2Fcomments&post=251997"}],"version-history":[{"count":0,"href":"https:\/\/archive.sana.sy\/es\/index.php?rest_route=\/wp\/v2\/posts\/251997\/revisions"}],"wp:featuredmedia":[{"embeddable":true,"href":"https:\/\/archive.sana.sy\/es\/index.php?rest_route=\/wp\/v2\/media\/251998"}],"wp:attachment":[{"href":"https:\/\/archive.sana.sy\/es\/index.php?rest_route=%2Fwp%2Fv2%2Fmedia&parent=251997"}],"wp:term":[{"taxonomy":"category","embeddable":true,"href":"https:\/\/archive.sana.sy\/es\/index.php?rest_route=%2Fwp%2Fv2%2Fcategories&post=251997"},{"taxonomy":"post_tag","embeddable":true,"href":"https:\/\/archive.sana.sy\/es\/index.php?rest_route=%2Fwp%2Fv2%2Ftags&post=251997"}],"curies":[{"name":"wp","href":"https:\/\/api.w.org\/{rel}","templated":true}]}}