{"id":252063,"date":"2022-09-09T21:18:13","date_gmt":"2022-09-09T18:18:13","guid":{"rendered":"http:\/\/107.6.182.27\/es\/?p=252063"},"modified":"2023-01-10T15:53:27","modified_gmt":"2023-01-10T13:53:27","slug":"ee-uu-reacciona-a-la-declaracion-de-corea-del-norte-como-un-estado-con-armas-nucleares","status":"publish","type":"post","link":"https:\/\/archive.sana.sy\/es\/?p=252063","title":{"rendered":"EE.UU. reacciona a la declaraci\u00f3n de Corea del Norte como un estado con armas nucleares"},"content":{"rendered":"<blockquote>\n<p style=\"text-align: justify;\"><span style=\"color: #800000;\"><strong>Una legislaci\u00f3n aprobada por Pyongyang permite usar sus capacidades nucleares de forma &#8220;autom\u00e1tica&#8221; en caso de ser atacado su liderazgo.<\/strong><\/span><\/p>\n<\/blockquote>\n<p style=\"text-align: justify;\"><strong>Washington, 09 sep (SANA)\u00a0<\/strong> La secretaria de Prensa de la Casa Blanca, Karine Jean-Pierre, afirm\u00f3 que la pol\u00edtica de su pa\u00eds sobre la desnuclearizaci\u00f3n completa de la pen\u00ednsula coreana se mantiene sin cambios tras la aprobaci\u00f3n de Pionyang de una ley que declara oficialmente a Corea del Norte como un Estado con armas nucleares.<\/p>\n<p style=\"text-align: justify;\">Jean-Pierre subray\u00f3 que su pa\u00eds no tiene intenciones hostiles hacia Corea del Norte y que contin\u00faa buscando la diplomacia con el pa\u00eds.<\/p>\n<p style=\"text-align: justify;\">El l\u00edder norcoreano, Kim Jong-un, reafirm\u00f3 la intenci\u00f3n de su naci\u00f3n de no renunciar a su arsenal nuclear, asegurando que este nuevo estatus es &#8220;irreversible&#8221; y que no habr\u00e1 negociaciones sobre una desnuclearizaci\u00f3n.<\/p>\n<p style=\"text-align: justify;\">Dicha legislaci\u00f3n le permitir\u00eda usar sus capacidades nucleares de forma &#8220;autom\u00e1tica&#8221; en caso de ser atacado su liderazgo.<\/p>\n<p style=\"text-align: justify;\">fm\/sm<\/p>\n","protected":false},"excerpt":{"rendered":"<p>Una legislaci\u00f3n aprobada por Pyongyang permite usar sus capacidades nucleares de forma &#8220;autom\u00e1tica&#8221; en caso de ser atacado su liderazgo. Washington, 09 sep (SANA)\u00a0 La secretaria de Prensa de la Casa Blanca, Karine Jean-Pierre, afirm\u00f3 que la pol\u00edtica de su pa\u00eds sobre la desnuclearizaci\u00f3n completa de la pen\u00ednsula coreana se mantiene sin cambios tras la &hellip;<\/p>\n","protected":false},"author":39,"featured_media":252064,"comment_status":"closed","ping_status":"closed","sticky":false,"template":"","format":"standard","meta":{"footnotes":""},"categories":[597,456,20724,7541],"tags":[20752,20751,4811],"class_list":["post-252063","post","type-post","status-publish","format-standard","has-post-thumbnail","","category-cinta-de-noticias","category-arabe-internacional-politica","category-minuto-a-minuto","category-ultimas-noticias","tag-armas-nucleares","tag-corea-del-norte","tag-ee-uu"],"_links":{"self":[{"href":"https:\/\/archive.sana.sy\/es\/index.php?rest_route=\/wp\/v2\/posts\/252063"}],"collection":[{"href":"https:\/\/archive.sana.sy\/es\/index.php?rest_route=\/wp\/v2\/posts"}],"about":[{"href":"https:\/\/archive.sana.sy\/es\/index.php?rest_route=\/wp\/v2\/types\/post"}],"author":[{"embeddable":true,"href":"https:\/\/archive.sana.sy\/es\/index.php?rest_route=\/wp\/v2\/users\/39"}],"replies":[{"embeddable":true,"href":"https:\/\/archive.sana.sy\/es\/index.php?rest_route=%2Fwp%2Fv2%2Fcomments&post=252063"}],"version-history":[{"count":0,"href":"https:\/\/archive.sana.sy\/es\/index.php?rest_route=\/wp\/v2\/posts\/252063\/revisions"}],"wp:featuredmedia":[{"embeddable":true,"href":"https:\/\/archive.sana.sy\/es\/index.php?rest_route=\/wp\/v2\/media\/252064"}],"wp:attachment":[{"href":"https:\/\/archive.sana.sy\/es\/index.php?rest_route=%2Fwp%2Fv2%2Fmedia&parent=252063"}],"wp:term":[{"taxonomy":"category","embeddable":true,"href":"https:\/\/archive.sana.sy\/es\/index.php?rest_route=%2Fwp%2Fv2%2Fcategories&post=252063"},{"taxonomy":"post_tag","embeddable":true,"href":"https:\/\/archive.sana.sy\/es\/index.php?rest_route=%2Fwp%2Fv2%2Ftags&post=252063"}],"curies":[{"name":"wp","href":"https:\/\/api.w.org\/{rel}","templated":true}]}}