{"id":252183,"date":"2022-09-10T20:21:41","date_gmt":"2022-09-10T17:21:41","guid":{"rendered":"http:\/\/107.6.182.27\/es\/?p=252183"},"modified":"2022-09-10T20:27:34","modified_gmt":"2022-09-10T17:27:34","slug":"23-familias-huyen-de-los-terroristas-en-idlib-y-llegan-a-zonas-controladas-por-el-ejercito-sirio","status":"publish","type":"post","link":"https:\/\/archive.sana.sy\/es\/?p=252183","title":{"rendered":"23 familias huyen de los terroristas en Idlib y llegan a zonas controladas por el Ej\u00e9rcito Sirio"},"content":{"rendered":"<blockquote>\n<p style=\"text-align: justify;\"><span style=\"color: #000000;\"><strong>El diputado Abdul Kafi Oqdah declar\u00f3 al reportero de SANA que las familias llegaron a salvo a las \u00e1reas bajo protecci\u00f3n del Ej\u00e9rcito, con todas sus pertenencias, propiedades, maquinaria y medios de subsistencia.<\/strong><\/span><\/p>\n<\/blockquote>\n<p style=\"text-align: justify;\"><span style=\"color: #800000;\"><strong>Idlib, 10 sep (SANA)\u00a0<\/strong> <\/span>\u00a0Provenientes de las \u00e1reas controladas por organizaciones terroristas en la vecina provincia de Idlib, 23 familias llegaron hoy a las \u00e1reas controladas por el Ej\u00e9rcito \u00c1rabe Sirio a trav\u00e9s del corredor Al-Tayha ubicado en las zonas rurales de la provincia de Alepo.<\/p>\n<p style=\"text-align: justify;\">El diputado Abdul Kafi Oqdah declar\u00f3 al reportero de SANA que las familias llegaron a salvo a las \u00e1reas bajo protecci\u00f3n del Ej\u00e9rcito, con todas sus pertenencias, propiedades, maquinaria y medios de subsistencia.<\/p>\n<p style=\"text-align: justify;\">El parlamentario se\u00f1al\u00f3 que las autoridades normalizaron los estatus jur\u00eddicos de los buscados y dieron un plazo a los fugados del servicio militar para que se incorporen a sus unidades.<\/p>\n<p style=\"text-align: justify;\">Varios de los llegados destacaron las facilidades ofrecidas y se\u00f1alaron que los tr\u00e1mites de ingreso se efectuaron sin ning\u00fan problema.<\/p>\n<p style=\"text-align: justify;\">Expresaron su agradecimiento y reconocimiento por todos los esfuerzos y la coordinaci\u00f3n para su acceso a las zonas controladas por el Estado.<\/p>\n<p style=\"text-align: justify;\">El cruce Al-Tayha se encuentra en el extremo suroeste de la ciudad de Manbij, en las zonas rurales nororientales de Alepo.<\/p>\n<p style=\"text-align: justify;\">fm\/rr<\/p>\n","protected":false},"excerpt":{"rendered":"<p>El diputado Abdul Kafi Oqdah declar\u00f3 al reportero de SANA que las familias llegaron a salvo a las \u00e1reas bajo protecci\u00f3n del Ej\u00e9rcito, con todas sus pertenencias, propiedades, maquinaria y medios de subsistencia. Idlib, 10 sep (SANA)\u00a0 \u00a0Provenientes de las \u00e1reas controladas por organizaciones terroristas en la vecina provincia de Idlib, 23 familias llegaron hoy &hellip;<\/p>\n","protected":false},"author":31,"featured_media":252185,"comment_status":"closed","ping_status":"closed","sticky":false,"template":"","format":"standard","meta":{"footnotes":""},"categories":[597,573,476,583],"tags":[2626,8571,10167,10771,6553,8905],"class_list":["post-252183","post","type-post","status-publish","format-standard","has-post-thumbnail","","category-cinta-de-noticias","category-la-realidad-de-los-acontecimientos-en-siria","category-locales","category-slide","tag-alepo","tag-ejercito","tag-idlib","tag-manbij","tag-siria","tag-terroristas"],"_links":{"self":[{"href":"https:\/\/archive.sana.sy\/es\/index.php?rest_route=\/wp\/v2\/posts\/252183"}],"collection":[{"href":"https:\/\/archive.sana.sy\/es\/index.php?rest_route=\/wp\/v2\/posts"}],"about":[{"href":"https:\/\/archive.sana.sy\/es\/index.php?rest_route=\/wp\/v2\/types\/post"}],"author":[{"embeddable":true,"href":"https:\/\/archive.sana.sy\/es\/index.php?rest_route=\/wp\/v2\/users\/31"}],"replies":[{"embeddable":true,"href":"https:\/\/archive.sana.sy\/es\/index.php?rest_route=%2Fwp%2Fv2%2Fcomments&post=252183"}],"version-history":[{"count":0,"href":"https:\/\/archive.sana.sy\/es\/index.php?rest_route=\/wp\/v2\/posts\/252183\/revisions"}],"wp:featuredmedia":[{"embeddable":true,"href":"https:\/\/archive.sana.sy\/es\/index.php?rest_route=\/wp\/v2\/media\/252185"}],"wp:attachment":[{"href":"https:\/\/archive.sana.sy\/es\/index.php?rest_route=%2Fwp%2Fv2%2Fmedia&parent=252183"}],"wp:term":[{"taxonomy":"category","embeddable":true,"href":"https:\/\/archive.sana.sy\/es\/index.php?rest_route=%2Fwp%2Fv2%2Fcategories&post=252183"},{"taxonomy":"post_tag","embeddable":true,"href":"https:\/\/archive.sana.sy\/es\/index.php?rest_route=%2Fwp%2Fv2%2Ftags&post=252183"}],"curies":[{"name":"wp","href":"https:\/\/api.w.org\/{rel}","templated":true}]}}