{"id":252318,"date":"2022-09-11T19:36:00","date_gmt":"2022-09-11T16:36:00","guid":{"rendered":"http:\/\/107.6.182.27\/es\/?p=252318"},"modified":"2022-09-11T19:36:00","modified_gmt":"2022-09-11T16:36:00","slug":"fearab-america-reitera-su-condena-a-medidas-economicas-coercitivas-contra-siria","status":"publish","type":"post","link":"https:\/\/archive.sana.sy\/es\/?p=252318","title":{"rendered":"FEARAB-Am\u00e9rica reitera su condena a medidas econ\u00f3micas coercitivas contra Siria"},"content":{"rendered":"<blockquote>\n<p style=\"text-align: justify;\"><span style=\"color: #000000;\"><strong>En dos cartas dirigidas al Presidente de la Asamblea General de las Naciones Unidas y al Presidente del Consejo de Seguridad de la ONU, la Junta Directiva de Fearab afirm\u00f3 que el terrorismo b\u00e1rbaro y la injerencia de los estados en los asuntos de Siria llevaron a la destrucci\u00f3n de grandes partes de la infraestructura y edificaciones de servicios p\u00fablicos, as\u00ed como el desplazamiento de un gran n\u00famero de residentes.<\/strong><\/span><\/p>\n<\/blockquote>\n<p style=\"text-align: justify;\"><strong><span style=\"color: #800000;\">Santiago de Chile, 11 sep (SANA)\u00a0 \u00a0<\/span><\/strong>La Confederaci\u00f3n de Entidades Americano-\u00c1rabes \u201cFearab\u201d reiter\u00f3 su condena a las medidas econ\u00f3micas coercitivas unilaterales impuestas a Siria, y destac\u00f3 la firmeza del pueblo sirio ante estas medidas agresivas adoptadas por potencias regionales y occidentales, que violan los principios de legitimidad internacional.<\/p>\n<p style=\"text-align: justify;\">En dos cartas dirigidas al Presidente de la Asamblea General de las Naciones Unidas y al Presidente del Consejo de Seguridad de la ONU, la Junta Directiva de Fearab afirm\u00f3 que el terrorismo b\u00e1rbaro y la injerencia de los estados en los asuntos de Siria llevaron a la destrucci\u00f3n de grandes partes de la infraestructura y edificaciones de servicios p\u00fablicos, as\u00ed como el desplazamiento de un gran n\u00famero de residentes.<\/p>\n<p style=\"text-align: justify;\">\u201cTras m\u00e1s de una d\u00e9cada de sufrimiento y coincidiendo con la victoria de Siria contra el terrorismo, ya es hora de reconstruir el pa\u00eds\u201d, indic\u00f3 el Consejo en sus cartas.<\/p>\n<p style=\"text-align: justify;\">Asimismo, reiter\u00f3 su rechazo a la presencia ilegal de las tropas estadounidenses y turcas, su continua violaci\u00f3n del territorio sirio y el continuo saqueo de los recursos y la riqueza natural de Siria.<\/p>\n<p style=\"text-align: justify;\">La entidad tambi\u00e9n conden\u00f3 los repetidos ataques israel\u00edes contra Siria y los grandes da\u00f1os que causan a las instalaciones civiles.<\/p>\n<p style=\"text-align: justify;\">Subray\u00f3 la necesidad de respetar la voluntad del pueblo sirio para defender la integridad territorial y la soberan\u00eda nacional de Siria.<\/p>\n<p style=\"text-align: justify;\">rr\/fm<\/p>\n","protected":false},"excerpt":{"rendered":"<p>En dos cartas dirigidas al Presidente de la Asamblea General de las Naciones Unidas y al Presidente del Consejo de Seguridad de la ONU, la Junta Directiva de Fearab afirm\u00f3 que el terrorismo b\u00e1rbaro y la injerencia de los estados en los asuntos de Siria llevaron a la destrucci\u00f3n de grandes partes de la infraestructura &hellip;<\/p>\n","protected":false},"author":31,"featured_media":252319,"comment_status":"closed","ping_status":"closed","sticky":false,"template":"","format":"standard","meta":{"footnotes":""},"categories":[597,467,7541],"tags":[20790,20789,20703,20788,8799,20350,6553],"class_list":["post-252318","post","type-post","status-publish","format-standard","has-post-thumbnail","","category-cinta-de-noticias","category-siria-y-el-mundo","category-ultimas-noticias","tag-coercitivas","tag-economicas","tag-fearab","tag-medidas","tag-onu","tag-sanciones","tag-siria"],"_links":{"self":[{"href":"https:\/\/archive.sana.sy\/es\/index.php?rest_route=\/wp\/v2\/posts\/252318"}],"collection":[{"href":"https:\/\/archive.sana.sy\/es\/index.php?rest_route=\/wp\/v2\/posts"}],"about":[{"href":"https:\/\/archive.sana.sy\/es\/index.php?rest_route=\/wp\/v2\/types\/post"}],"author":[{"embeddable":true,"href":"https:\/\/archive.sana.sy\/es\/index.php?rest_route=\/wp\/v2\/users\/31"}],"replies":[{"embeddable":true,"href":"https:\/\/archive.sana.sy\/es\/index.php?rest_route=%2Fwp%2Fv2%2Fcomments&post=252318"}],"version-history":[{"count":0,"href":"https:\/\/archive.sana.sy\/es\/index.php?rest_route=\/wp\/v2\/posts\/252318\/revisions"}],"wp:featuredmedia":[{"embeddable":true,"href":"https:\/\/archive.sana.sy\/es\/index.php?rest_route=\/wp\/v2\/media\/252319"}],"wp:attachment":[{"href":"https:\/\/archive.sana.sy\/es\/index.php?rest_route=%2Fwp%2Fv2%2Fmedia&parent=252318"}],"wp:term":[{"taxonomy":"category","embeddable":true,"href":"https:\/\/archive.sana.sy\/es\/index.php?rest_route=%2Fwp%2Fv2%2Fcategories&post=252318"},{"taxonomy":"post_tag","embeddable":true,"href":"https:\/\/archive.sana.sy\/es\/index.php?rest_route=%2Fwp%2Fv2%2Ftags&post=252318"}],"curies":[{"name":"wp","href":"https:\/\/api.w.org\/{rel}","templated":true}]}}