{"id":252321,"date":"2022-09-11T21:06:43","date_gmt":"2022-09-11T18:06:43","guid":{"rendered":"http:\/\/107.6.182.27\/es\/?p=252321"},"modified":"2022-09-11T21:21:20","modified_gmt":"2022-09-11T18:21:20","slug":"siria-e-iran-abogan-por-desarrollar-relaciones-culturales","status":"publish","type":"post","link":"https:\/\/archive.sana.sy\/es\/?p=252321","title":{"rendered":"Siria e Ir\u00e1n abogan por desarrollar relaciones culturales"},"content":{"rendered":"<p style=\"text-align: justify;\"><span style=\"color: #800000;\"><strong>Teher\u00e1n, 11 sep (SANA)\u00a0 \u00a0<\/strong><\/span>La ministra de Cultura de Siria, Lubana Mushawah, abord\u00f3 este domingo con el Gobernador de la ciudad iran\u00ed de Shiraz, Muhammad Hadi Imaniye, las relaciones culturales entre los dos pa\u00edses.<\/p>\n<p style=\"text-align: justify;\">La titular siria dio a conocer sobre las experiencias de su ministerio en el campo de la educaci\u00f3n de adultos y el lanzamiento del programa del desarrollo comunitario, a trav\u00e9s de la creaci\u00f3n de centros culturales en las prisiones y realizar cursos cualitativos de cultura popular, de m\u00fasica y todo tipo de arte en todas las gobernaciones.<\/p>\n<p style=\"text-align: justify;\">Las dos partes discutieron la posibilidad de organizar semanas culturales en Shiraz y las provincias sirias, e intercambiar las experiencias en el campo de la industria cinematogr\u00e1fica, adem\u00e1s de traducir las obras literarias de los dos pa\u00edses a \u00e1rabe y persa.<\/p>\n<p style=\"text-align: justify;\">Por su parte, Imaniye inform\u00f3 sobre la realidad cultural y tur\u00edstica de Shiraz, y expres\u00f3 su disposici\u00f3n de cooperar a nivel cultural y de ofrecer becas para estudiantes sirios.<\/p>\n<p style=\"text-align: justify;\">rr\/fm<\/p>\n","protected":false},"excerpt":{"rendered":"<p>Teher\u00e1n, 11 sep (SANA)\u00a0 \u00a0La ministra de Cultura de Siria, Lubana Mushawah, abord\u00f3 este domingo con el Gobernador de la ciudad iran\u00ed de Shiraz, Muhammad Hadi Imaniye, las relaciones culturales entre los dos pa\u00edses. La titular siria dio a conocer sobre las experiencias de su ministerio en el campo de la educaci\u00f3n de adultos y &hellip;<\/p>\n","protected":false},"author":31,"featured_media":252322,"comment_status":"closed","ping_status":"closed","sticky":false,"template":"","format":"standard","meta":{"footnotes":""},"categories":[597,467,7541],"tags":[8600,2866,20791,6553],"class_list":["post-252321","post","type-post","status-publish","format-standard","has-post-thumbnail","","category-cinta-de-noticias","category-siria-y-el-mundo","category-ultimas-noticias","tag-cultura","tag-iran","tag-shiraz","tag-siria"],"_links":{"self":[{"href":"https:\/\/archive.sana.sy\/es\/index.php?rest_route=\/wp\/v2\/posts\/252321"}],"collection":[{"href":"https:\/\/archive.sana.sy\/es\/index.php?rest_route=\/wp\/v2\/posts"}],"about":[{"href":"https:\/\/archive.sana.sy\/es\/index.php?rest_route=\/wp\/v2\/types\/post"}],"author":[{"embeddable":true,"href":"https:\/\/archive.sana.sy\/es\/index.php?rest_route=\/wp\/v2\/users\/31"}],"replies":[{"embeddable":true,"href":"https:\/\/archive.sana.sy\/es\/index.php?rest_route=%2Fwp%2Fv2%2Fcomments&post=252321"}],"version-history":[{"count":0,"href":"https:\/\/archive.sana.sy\/es\/index.php?rest_route=\/wp\/v2\/posts\/252321\/revisions"}],"wp:featuredmedia":[{"embeddable":true,"href":"https:\/\/archive.sana.sy\/es\/index.php?rest_route=\/wp\/v2\/media\/252322"}],"wp:attachment":[{"href":"https:\/\/archive.sana.sy\/es\/index.php?rest_route=%2Fwp%2Fv2%2Fmedia&parent=252321"}],"wp:term":[{"taxonomy":"category","embeddable":true,"href":"https:\/\/archive.sana.sy\/es\/index.php?rest_route=%2Fwp%2Fv2%2Fcategories&post=252321"},{"taxonomy":"post_tag","embeddable":true,"href":"https:\/\/archive.sana.sy\/es\/index.php?rest_route=%2Fwp%2Fv2%2Ftags&post=252321"}],"curies":[{"name":"wp","href":"https:\/\/api.w.org\/{rel}","templated":true}]}}