{"id":252364,"date":"2022-09-12T09:43:21","date_gmt":"2022-09-12T06:43:21","guid":{"rendered":"http:\/\/107.6.182.27\/es\/?p=252364"},"modified":"2023-01-10T15:53:20","modified_gmt":"2023-01-10T13:53:20","slug":"siria-e-iran-fortalecen-cooperacion-industrial","status":"publish","type":"post","link":"https:\/\/archive.sana.sy\/es\/?p=252364","title":{"rendered":"Siria e Ir\u00e1n fortalecen cooperaci\u00f3n industrial"},"content":{"rendered":"<blockquote>\n<p style=\"text-align: justify;\"><span style=\"color: #ff0000;\"><strong>El gobierno sirio vela por rehabilitar el sector industrial, que result\u00f3 gravemente da\u00f1ado por la guerra terrorista durante m\u00e1s de una d\u00e9cada en cooperaci\u00f3n con pa\u00edses amigos y aliados<\/strong><\/span><\/p>\n<\/blockquote>\n<p style=\"text-align: justify;\"><span style=\"color: #800000;\"><strong>Damasco, 12 sep (SANA)<\/strong><\/span>\u00a0 El ministro de Industria, Ziad Sabbagh, sostuvo una reuni\u00f3n con el embajador iran\u00ed, Mahdi Sobhani, para examinar las relaciones de cooperaci\u00f3n bilateral en el sector industrial y reanudar la labor en proyectos industriales conjuntos en Siria.<\/p>\n<p style=\"text-align: justify;\">Durante la reuni\u00f3n sostenida en la capital Damasco, el ministro Sabbagh destac\u00f3 los esfuerzos del Estado Sirio para superar las repercusiones del bloqueo y la guerra econ\u00f3mica impuesta contra su pa\u00eds .<\/p>\n<p style=\"text-align: justify;\">El gobierno sirio vela por rehabilitar el sector industrial, que result\u00f3 gravemente da\u00f1ado por la guerra terrorista durante m\u00e1s de una d\u00e9cada en cooperaci\u00f3n con pa\u00edses amigos y aliados, agreg\u00f3 el ministro sirio.<\/p>\n<p style=\"text-align: justify;\">Por su parte, el jefe de la misi\u00f3n diplom\u00e1tica iran\u00ed reiter\u00f3 la posici\u00f3n de su pa\u00eds en apoyo a Siria y fomentar la cooperaci\u00f3n industrial entre dos naciones de manera fruct\u00edfera y prometedora.<\/p>\n<p style=\"text-align: justify;\"><em><strong>ws\/fm<\/strong><\/em><\/p>\n","protected":false},"excerpt":{"rendered":"<p>El gobierno sirio vela por rehabilitar el sector industrial, que result\u00f3 gravemente da\u00f1ado por la guerra terrorista durante m\u00e1s de una d\u00e9cada en cooperaci\u00f3n con pa\u00edses amigos y aliados Damasco, 12 sep (SANA)\u00a0 El ministro de Industria, Ziad Sabbagh, sostuvo una reuni\u00f3n con el embajador iran\u00ed, Mahdi Sobhani, para examinar las relaciones de cooperaci\u00f3n bilateral &hellip;<\/p>\n","protected":false},"author":35,"featured_media":252365,"comment_status":"closed","ping_status":"closed","sticky":false,"template":"","format":"standard","meta":{"footnotes":""},"categories":[597,16686,485,456,20724,7541],"tags":[19716,20802,2866,19662,6553],"class_list":["post-252364","post","type-post","status-publish","format-standard","has-post-thumbnail","","category-cinta-de-noticias","category-economia","category-informes-negocios-y-finanzas","category-arabe-internacional-politica","category-minuto-a-minuto","category-ultimas-noticias","tag-cooperacion","tag-guerra-terrorista","tag-iran","tag-ministro","tag-siria"],"_links":{"self":[{"href":"https:\/\/archive.sana.sy\/es\/index.php?rest_route=\/wp\/v2\/posts\/252364"}],"collection":[{"href":"https:\/\/archive.sana.sy\/es\/index.php?rest_route=\/wp\/v2\/posts"}],"about":[{"href":"https:\/\/archive.sana.sy\/es\/index.php?rest_route=\/wp\/v2\/types\/post"}],"author":[{"embeddable":true,"href":"https:\/\/archive.sana.sy\/es\/index.php?rest_route=\/wp\/v2\/users\/35"}],"replies":[{"embeddable":true,"href":"https:\/\/archive.sana.sy\/es\/index.php?rest_route=%2Fwp%2Fv2%2Fcomments&post=252364"}],"version-history":[{"count":0,"href":"https:\/\/archive.sana.sy\/es\/index.php?rest_route=\/wp\/v2\/posts\/252364\/revisions"}],"wp:featuredmedia":[{"embeddable":true,"href":"https:\/\/archive.sana.sy\/es\/index.php?rest_route=\/wp\/v2\/media\/252365"}],"wp:attachment":[{"href":"https:\/\/archive.sana.sy\/es\/index.php?rest_route=%2Fwp%2Fv2%2Fmedia&parent=252364"}],"wp:term":[{"taxonomy":"category","embeddable":true,"href":"https:\/\/archive.sana.sy\/es\/index.php?rest_route=%2Fwp%2Fv2%2Fcategories&post=252364"},{"taxonomy":"post_tag","embeddable":true,"href":"https:\/\/archive.sana.sy\/es\/index.php?rest_route=%2Fwp%2Fv2%2Ftags&post=252364"}],"curies":[{"name":"wp","href":"https:\/\/api.w.org\/{rel}","templated":true}]}}