{"id":252376,"date":"2022-09-12T10:02:46","date_gmt":"2022-09-12T07:02:46","guid":{"rendered":"http:\/\/107.6.182.27\/es\/?p=252376"},"modified":"2022-09-12T10:10:47","modified_gmt":"2022-09-12T07:10:47","slug":"en-una-velada-musical-magica-al-qudud-al-halabiya-se-cantan-en-el-palacio-azem-en-damasco","status":"publish","type":"post","link":"https:\/\/archive.sana.sy\/es\/?p=252376","title":{"rendered":"En una velada musical m\u00e1gica, al-Qudud Al-Halabiya se cantan en el Palacio Azem en Damasco"},"content":{"rendered":"<p style=\"text-align: justify;\"><span style=\"color: #800000;\"><strong>Damasco, 12 sep (SANA)<\/strong><\/span> Personas de todas las edades se deleitaron con interpretaciones de cantos tradicionales inspiradas del patrimonio de la ciudad de Alepo, en una velada musical en el Palacio Azem en la ciudad vieja de Damasco.<\/p>\n<p style=\"text-align: justify;\">La velada organizada por la Direcci\u00f3n de Teatros y M\u00fasica del Ministerio de Cultura, fue protagonizada por el artista Safwan Al-Abed y dirigida por el maestro Muhammad Zaaloul donde present\u00f3 una variedad de canciones tradicionales de Alepo como los muwashahat y al-Qudud.<\/p>\n<p style=\"text-align: justify;\">Es muy importante preservar este tipo de m\u00fasica aut\u00e9ntica patrimonial, que constituye parte de nuestra civilizaci\u00f3n e inscrita en la lista del Patrimonio de la Humanidad.<\/p>\n<div id='gallery-1' class='gallery galleryid-252376 gallery-columns-1 gallery-size-full'><figure class='gallery-item'>\n\t\t\t<div class='gallery-icon landscape'>\n\t\t\t\t<a href='https:\/\/archive.sana.sy\/es\/?attachment_id=252380'><img loading=\"lazy\" decoding=\"async\" width=\"2560\" height=\"1525\" src=\"https:\/\/archive.sana.sy\/es\/wp-content\/uploads\/2022\/09\/DSC_9269-scaled.jpg\" class=\"attachment-full size-full\" alt=\"\" srcset=\"https:\/\/archive.sana.sy\/es\/wp-content\/uploads\/2022\/09\/DSC_9269-scaled.jpg 2560w, https:\/\/archive.sana.sy\/es\/wp-content\/uploads\/2022\/09\/DSC_9269-300x179.jpg 300w, https:\/\/archive.sana.sy\/es\/wp-content\/uploads\/2022\/09\/DSC_9269-1024x610.jpg 1024w, https:\/\/archive.sana.sy\/es\/wp-content\/uploads\/2022\/09\/DSC_9269-150x89.jpg 150w, https:\/\/archive.sana.sy\/es\/wp-content\/uploads\/2022\/09\/DSC_9269-768x457.jpg 768w, https:\/\/archive.sana.sy\/es\/wp-content\/uploads\/2022\/09\/DSC_9269-1536x915.jpg 1536w, https:\/\/archive.sana.sy\/es\/wp-content\/uploads\/2022\/09\/DSC_9269-2048x1220.jpg 2048w\" sizes=\"(max-width: 2560px) 100vw, 2560px\" \/><\/a>\n\t\t\t<\/div><\/figure><figure class='gallery-item'>\n\t\t\t<div class='gallery-icon landscape'>\n\t\t\t\t<a href='https:\/\/archive.sana.sy\/es\/?attachment_id=252381'><img loading=\"lazy\" decoding=\"async\" width=\"2560\" height=\"1574\" src=\"https:\/\/archive.sana.sy\/es\/wp-content\/uploads\/2022\/09\/DSC_9270-scaled.jpg\" class=\"attachment-full size-full\" alt=\"\" srcset=\"https:\/\/archive.sana.sy\/es\/wp-content\/uploads\/2022\/09\/DSC_9270-scaled.jpg 2560w, https:\/\/archive.sana.sy\/es\/wp-content\/uploads\/2022\/09\/DSC_9270-300x185.jpg 300w, https:\/\/archive.sana.sy\/es\/wp-content\/uploads\/2022\/09\/DSC_9270-1024x630.jpg 1024w, https:\/\/archive.sana.sy\/es\/wp-content\/uploads\/2022\/09\/DSC_9270-150x92.jpg 150w, https:\/\/archive.sana.sy\/es\/wp-content\/uploads\/2022\/09\/DSC_9270-768x472.jpg 768w, https:\/\/archive.sana.sy\/es\/wp-content\/uploads\/2022\/09\/DSC_9270-1536x945.jpg 1536w, https:\/\/archive.sana.sy\/es\/wp-content\/uploads\/2022\/09\/DSC_9270-2048x1260.jpg 2048w\" sizes=\"(max-width: 2560px) 100vw, 2560px\" \/><\/a>\n\t\t\t<\/div><\/figure><figure class='gallery-item'>\n\t\t\t<div class='gallery-icon landscape'>\n\t\t\t\t<a href='https:\/\/archive.sana.sy\/es\/?attachment_id=252382'><img loading=\"lazy\" decoding=\"async\" width=\"2560\" height=\"1407\" src=\"https:\/\/archive.sana.sy\/es\/wp-content\/uploads\/2022\/09\/DSC_9273-scaled.jpg\" class=\"attachment-full size-full\" alt=\"\" srcset=\"https:\/\/archive.sana.sy\/es\/wp-content\/uploads\/2022\/09\/DSC_9273-scaled.jpg 2560w, https:\/\/archive.sana.sy\/es\/wp-content\/uploads\/2022\/09\/DSC_9273-300x165.jpg 300w, https:\/\/archive.sana.sy\/es\/wp-content\/uploads\/2022\/09\/DSC_9273-1024x563.jpg 1024w, https:\/\/archive.sana.sy\/es\/wp-content\/uploads\/2022\/09\/DSC_9273-150x82.jpg 150w, https:\/\/archive.sana.sy\/es\/wp-content\/uploads\/2022\/09\/DSC_9273-768x422.jpg 768w, https:\/\/archive.sana.sy\/es\/wp-content\/uploads\/2022\/09\/DSC_9273-1536x844.jpg 1536w, https:\/\/archive.sana.sy\/es\/wp-content\/uploads\/2022\/09\/DSC_9273-2048x1125.jpg 2048w\" sizes=\"(max-width: 2560px) 100vw, 2560px\" \/><\/a>\n\t\t\t<\/div><\/figure><figure class='gallery-item'>\n\t\t\t<div class='gallery-icon landscape'>\n\t\t\t\t<a href='https:\/\/archive.sana.sy\/es\/?attachment_id=252383'><img loading=\"lazy\" decoding=\"async\" width=\"2560\" height=\"1623\" src=\"https:\/\/archive.sana.sy\/es\/wp-content\/uploads\/2022\/09\/DSC_9279-scaled.jpg\" class=\"attachment-full size-full\" alt=\"\" srcset=\"https:\/\/archive.sana.sy\/es\/wp-content\/uploads\/2022\/09\/DSC_9279-scaled.jpg 2560w, https:\/\/archive.sana.sy\/es\/wp-content\/uploads\/2022\/09\/DSC_9279-300x190.jpg 300w, https:\/\/archive.sana.sy\/es\/wp-content\/uploads\/2022\/09\/DSC_9279-1024x649.jpg 1024w, https:\/\/archive.sana.sy\/es\/wp-content\/uploads\/2022\/09\/DSC_9279-150x95.jpg 150w, https:\/\/archive.sana.sy\/es\/wp-content\/uploads\/2022\/09\/DSC_9279-768x487.jpg 768w, https:\/\/archive.sana.sy\/es\/wp-content\/uploads\/2022\/09\/DSC_9279-1536x974.jpg 1536w, https:\/\/archive.sana.sy\/es\/wp-content\/uploads\/2022\/09\/DSC_9279-2048x1298.jpg 2048w\" sizes=\"(max-width: 2560px) 100vw, 2560px\" \/><\/a>\n\t\t\t<\/div><\/figure><figure class='gallery-item'>\n\t\t\t<div class='gallery-icon landscape'>\n\t\t\t\t<a href='https:\/\/archive.sana.sy\/es\/?attachment_id=252384'><img loading=\"lazy\" decoding=\"async\" width=\"2560\" height=\"1577\" src=\"https:\/\/archive.sana.sy\/es\/wp-content\/uploads\/2022\/09\/DSC_9282-scaled.jpg\" class=\"attachment-full size-full\" alt=\"\" srcset=\"https:\/\/archive.sana.sy\/es\/wp-content\/uploads\/2022\/09\/DSC_9282-scaled.jpg 2560w, https:\/\/archive.sana.sy\/es\/wp-content\/uploads\/2022\/09\/DSC_9282-300x185.jpg 300w, https:\/\/archive.sana.sy\/es\/wp-content\/uploads\/2022\/09\/DSC_9282-1024x631.jpg 1024w, https:\/\/archive.sana.sy\/es\/wp-content\/uploads\/2022\/09\/DSC_9282-150x92.jpg 150w, https:\/\/archive.sana.sy\/es\/wp-content\/uploads\/2022\/09\/DSC_9282-768x473.jpg 768w, https:\/\/archive.sana.sy\/es\/wp-content\/uploads\/2022\/09\/DSC_9282-1536x946.jpg 1536w, https:\/\/archive.sana.sy\/es\/wp-content\/uploads\/2022\/09\/DSC_9282-2048x1261.jpg 2048w\" sizes=\"(max-width: 2560px) 100vw, 2560px\" \/><\/a>\n\t\t\t<\/div><\/figure><figure class='gallery-item'>\n\t\t\t<div class='gallery-icon landscape'>\n\t\t\t\t<a href='https:\/\/archive.sana.sy\/es\/?attachment_id=252385'><img loading=\"lazy\" decoding=\"async\" width=\"2560\" height=\"1663\" src=\"https:\/\/archive.sana.sy\/es\/wp-content\/uploads\/2022\/09\/DSC_9287-scaled.jpg\" class=\"attachment-full size-full\" alt=\"\" srcset=\"https:\/\/archive.sana.sy\/es\/wp-content\/uploads\/2022\/09\/DSC_9287-scaled.jpg 2560w, https:\/\/archive.sana.sy\/es\/wp-content\/uploads\/2022\/09\/DSC_9287-300x195.jpg 300w, https:\/\/archive.sana.sy\/es\/wp-content\/uploads\/2022\/09\/DSC_9287-1024x665.jpg 1024w, https:\/\/archive.sana.sy\/es\/wp-content\/uploads\/2022\/09\/DSC_9287-150x97.jpg 150w, https:\/\/archive.sana.sy\/es\/wp-content\/uploads\/2022\/09\/DSC_9287-768x499.jpg 768w, https:\/\/archive.sana.sy\/es\/wp-content\/uploads\/2022\/09\/DSC_9287-1536x998.jpg 1536w, https:\/\/archive.sana.sy\/es\/wp-content\/uploads\/2022\/09\/DSC_9287-2048x1330.jpg 2048w\" sizes=\"(max-width: 2560px) 100vw, 2560px\" \/><\/a>\n\t\t\t<\/div><\/figure>\n\t\t<\/div>\n\n<p style=\"text-align: justify;\"><strong>ws\/fm<\/strong><\/p>\n","protected":false},"excerpt":{"rendered":"<p>Damasco, 12 sep (SANA) Personas de todas las edades se deleitaron con interpretaciones de cantos tradicionales inspiradas del patrimonio de la ciudad de Alepo, en una velada musical en el Palacio Azem en la ciudad vieja de Damasco. La velada organizada por la Direcci\u00f3n de Teatros y M\u00fasica del Ministerio de Cultura, fue protagonizada por &hellip;<\/p>\n","protected":false},"author":35,"featured_media":252377,"comment_status":"closed","ping_status":"closed","sticky":false,"template":"","format":"standard","meta":{"footnotes":""},"categories":[597,510,20724,476,7541],"tags":[7161,20804,20806,20805,20803],"class_list":["post-252376","post","type-post","status-publish","format-standard","has-post-thumbnail","","category-cinta-de-noticias","category-arte-y-cultura","category-minuto-a-minuto","category-locales","category-ultimas-noticias","tag-damasco","tag-palacio-azem","tag-patrimonio-de-la-humanidad","tag-qudud-al-halabiya","tag-velada"],"_links":{"self":[{"href":"https:\/\/archive.sana.sy\/es\/index.php?rest_route=\/wp\/v2\/posts\/252376"}],"collection":[{"href":"https:\/\/archive.sana.sy\/es\/index.php?rest_route=\/wp\/v2\/posts"}],"about":[{"href":"https:\/\/archive.sana.sy\/es\/index.php?rest_route=\/wp\/v2\/types\/post"}],"author":[{"embeddable":true,"href":"https:\/\/archive.sana.sy\/es\/index.php?rest_route=\/wp\/v2\/users\/35"}],"replies":[{"embeddable":true,"href":"https:\/\/archive.sana.sy\/es\/index.php?rest_route=%2Fwp%2Fv2%2Fcomments&post=252376"}],"version-history":[{"count":0,"href":"https:\/\/archive.sana.sy\/es\/index.php?rest_route=\/wp\/v2\/posts\/252376\/revisions"}],"wp:featuredmedia":[{"embeddable":true,"href":"https:\/\/archive.sana.sy\/es\/index.php?rest_route=\/wp\/v2\/media\/252377"}],"wp:attachment":[{"href":"https:\/\/archive.sana.sy\/es\/index.php?rest_route=%2Fwp%2Fv2%2Fmedia&parent=252376"}],"wp:term":[{"taxonomy":"category","embeddable":true,"href":"https:\/\/archive.sana.sy\/es\/index.php?rest_route=%2Fwp%2Fv2%2Fcategories&post=252376"},{"taxonomy":"post_tag","embeddable":true,"href":"https:\/\/archive.sana.sy\/es\/index.php?rest_route=%2Fwp%2Fv2%2Ftags&post=252376"}],"curies":[{"name":"wp","href":"https:\/\/api.w.org\/{rel}","templated":true}]}}