{"id":252437,"date":"2022-09-12T16:13:56","date_gmt":"2022-09-12T13:13:56","guid":{"rendered":"http:\/\/107.6.182.27\/es\/?p=252437"},"modified":"2023-01-10T15:53:18","modified_gmt":"2023-01-10T13:53:18","slug":"jefe-del-parlamento-hungaro-la-ue-ya-es-parte-perdedora-en-el-conflicto-ucraniano","status":"publish","type":"post","link":"https:\/\/archive.sana.sy\/es\/?p=252437","title":{"rendered":"Jefe del Parlamento h\u00fangaro: la UE ya es parte perdedora en el conflicto ucraniano"},"content":{"rendered":"<p style=\"text-align: justify;\"><span style=\"color: #800000;\"><strong>Sofia, 12 sep (SANA)<\/strong> <\/span>El presidente de la Asamblea Nacional de Hungr\u00eda, Laszlo Kover, dijo hoy que la Uni\u00f3n Europa ya puede considerarse como parte perdedora debido a su papel en el marco del conflicto en Ucrania, difundi\u00f3 hoy la cadena RT.<\/p>\n<p style=\"text-align: justify;\">Kover, que es miembro del partido del primer ministro V\u00edktor Orban, acus\u00f3 a Bruselas de no poder impedir los combates mediante v\u00edas pol\u00edticas, lo que se tradujo en que el bloque es &#8220;incapaz de restaurar la paz diplom\u00e1ticamente&#8221;.<\/p>\n<p style=\"text-align: justify;\">&#8220;La Uni\u00f3n Europea est\u00e1 actuando bajo presi\u00f3n externa en contra de sus intereses econ\u00f3micos m\u00e1s b\u00e1sicos, es ya un perdedor, independientemente de cu\u00e1l de las partes beligerantes directos en los frentes de guerra se declare vencedor&#8221;, acentu\u00f3.<\/p>\n<p>fm\/mm<\/p>\n","protected":false},"excerpt":{"rendered":"<p>Sofia, 12 sep (SANA) El presidente de la Asamblea Nacional de Hungr\u00eda, Laszlo Kover, dijo hoy que la Uni\u00f3n Europa ya puede considerarse como parte perdedora debido a su papel en el marco del conflicto en Ucrania, difundi\u00f3 hoy la cadena RT. Kover, que es miembro del partido del primer ministro V\u00edktor Orban, acus\u00f3 a &hellip;<\/p>\n","protected":false},"author":36,"featured_media":252438,"comment_status":"closed","ping_status":"closed","sticky":false,"template":"","format":"standard","meta":{"footnotes":""},"categories":[597,456,20724,457],"tags":[20813],"class_list":["post-252437","post","type-post","status-publish","format-standard","has-post-thumbnail","","category-cinta-de-noticias","category-arabe-internacional-politica","category-minuto-a-minuto","category-noticias-arabe-internacional-politica","tag-hungria-y-la-union-europea"],"_links":{"self":[{"href":"https:\/\/archive.sana.sy\/es\/index.php?rest_route=\/wp\/v2\/posts\/252437"}],"collection":[{"href":"https:\/\/archive.sana.sy\/es\/index.php?rest_route=\/wp\/v2\/posts"}],"about":[{"href":"https:\/\/archive.sana.sy\/es\/index.php?rest_route=\/wp\/v2\/types\/post"}],"author":[{"embeddable":true,"href":"https:\/\/archive.sana.sy\/es\/index.php?rest_route=\/wp\/v2\/users\/36"}],"replies":[{"embeddable":true,"href":"https:\/\/archive.sana.sy\/es\/index.php?rest_route=%2Fwp%2Fv2%2Fcomments&post=252437"}],"version-history":[{"count":0,"href":"https:\/\/archive.sana.sy\/es\/index.php?rest_route=\/wp\/v2\/posts\/252437\/revisions"}],"wp:featuredmedia":[{"embeddable":true,"href":"https:\/\/archive.sana.sy\/es\/index.php?rest_route=\/wp\/v2\/media\/252438"}],"wp:attachment":[{"href":"https:\/\/archive.sana.sy\/es\/index.php?rest_route=%2Fwp%2Fv2%2Fmedia&parent=252437"}],"wp:term":[{"taxonomy":"category","embeddable":true,"href":"https:\/\/archive.sana.sy\/es\/index.php?rest_route=%2Fwp%2Fv2%2Fcategories&post=252437"},{"taxonomy":"post_tag","embeddable":true,"href":"https:\/\/archive.sana.sy\/es\/index.php?rest_route=%2Fwp%2Fv2%2Ftags&post=252437"}],"curies":[{"name":"wp","href":"https:\/\/api.w.org\/{rel}","templated":true}]}}