{"id":252453,"date":"2022-09-12T17:20:26","date_gmt":"2022-09-12T14:20:26","guid":{"rendered":"http:\/\/107.6.182.27\/es\/?p=252453"},"modified":"2022-09-12T17:20:26","modified_gmt":"2022-09-12T14:20:26","slug":"ministra-de-cultura-destaca-importancia-de-consolidar-la-labor-cultural-entre-siria-e-iran","status":"publish","type":"post","link":"https:\/\/archive.sana.sy\/es\/?p=252453","title":{"rendered":"Ministra de Cultura destaca importancia de consolidar la labor cultural entre Siria e Ir\u00e1n"},"content":{"rendered":"<p style=\"text-align: justify;\"><span style=\"color: #800000;\"><strong>Tehr\u00e1n, 12 sep (SANA) <\/strong><\/span>La Ministra de Cultura, Lubana Meshaweh, reiter\u00f3 la importancia de promover la actividad cultural conjunta entre Siria e Ir\u00e1n.<\/p>\n<p style=\"text-align: justify;\">Durante su reuni\u00f3n con el Director General de la Corporaci\u00f3n iran\u00ed de Radio y Televisi\u00f3n, Biman Jabali, la Titular explic\u00f3 que la cultura es una construcci\u00f3n acumulativa y un trabajo que se desarrolla acorde a una pol\u00edtica clara y una visi\u00f3n alejada de la aleatoriedad.<\/p>\n<p style=\"text-align: justify;\">Meshaweh expres\u00f3 su agradecimiento al pueblo iran\u00ed y su gobierno, que son los hijos de una antigua civilizaci\u00f3n similar a la antigua civilizaci\u00f3n siria.<\/p>\n<p style=\"text-align: justify;\">Asimismo, se\u00f1al\u00f3 que la Semana Cultural Iran\u00ed que se celebrar\u00e1 en Damasco, incluir\u00e1 una amplia gama de proyecciones de pel\u00edculas, vestimenta tradicional iran\u00ed y otras exposiciones de fotos y caligraf\u00eda.<\/p>\n<p style=\"text-align: justify;\">Al respecto, la Titular resalt\u00f3 la necesidad de crear talleres de capacitaci\u00f3n para la industria cinematogr\u00e1fica e intercambiar experiencias en este campo.<\/p>\n<p style=\"text-align: justify;\">Por su parte, Jabali enfatiz\u00f3 la necesidad de fortalecer las las relaciones culturales e informativas con Siria, y destac\u00f3 que la apertura del nuevo canal \u201cEl Mundo-Siria\u201d en Teher\u00e1n confirma las profundas relaciones entre ambos pa\u00edses.<\/p>\n<p style=\"text-align: justify;\">En el mismo contexto, indic\u00f3 que tanto Siria como Ir\u00e1n se han encargado de difundir la cultura, registrar y preservar todos los trabajos conjuntos de una manera que resalte el orgullo y la dignidad nacionales.<\/p>\n<p style=\"text-align: justify;\"><em><strong>ah\/rsh<\/strong><\/em><\/p>\n","protected":false},"excerpt":{"rendered":"<p>Tehr\u00e1n, 12 sep (SANA) La Ministra de Cultura, Lubana Meshaweh, reiter\u00f3 la importancia de promover la actividad cultural conjunta entre Siria e Ir\u00e1n. Durante su reuni\u00f3n con el Director General de la Corporaci\u00f3n iran\u00ed de Radio y Televisi\u00f3n, Biman Jabali, la Titular explic\u00f3 que la cultura es una construcci\u00f3n acumulativa y un trabajo que se &hellip;<\/p>\n","protected":false},"author":30,"featured_media":252454,"comment_status":"closed","ping_status":"closed","sticky":false,"template":"","format":"standard","meta":{"footnotes":""},"categories":[597,510,20724,7541],"tags":[8600,2866,6553],"class_list":["post-252453","post","type-post","status-publish","format-standard","has-post-thumbnail","","category-cinta-de-noticias","category-arte-y-cultura","category-minuto-a-minuto","category-ultimas-noticias","tag-cultura","tag-iran","tag-siria"],"_links":{"self":[{"href":"https:\/\/archive.sana.sy\/es\/index.php?rest_route=\/wp\/v2\/posts\/252453"}],"collection":[{"href":"https:\/\/archive.sana.sy\/es\/index.php?rest_route=\/wp\/v2\/posts"}],"about":[{"href":"https:\/\/archive.sana.sy\/es\/index.php?rest_route=\/wp\/v2\/types\/post"}],"author":[{"embeddable":true,"href":"https:\/\/archive.sana.sy\/es\/index.php?rest_route=\/wp\/v2\/users\/30"}],"replies":[{"embeddable":true,"href":"https:\/\/archive.sana.sy\/es\/index.php?rest_route=%2Fwp%2Fv2%2Fcomments&post=252453"}],"version-history":[{"count":0,"href":"https:\/\/archive.sana.sy\/es\/index.php?rest_route=\/wp\/v2\/posts\/252453\/revisions"}],"wp:featuredmedia":[{"embeddable":true,"href":"https:\/\/archive.sana.sy\/es\/index.php?rest_route=\/wp\/v2\/media\/252454"}],"wp:attachment":[{"href":"https:\/\/archive.sana.sy\/es\/index.php?rest_route=%2Fwp%2Fv2%2Fmedia&parent=252453"}],"wp:term":[{"taxonomy":"category","embeddable":true,"href":"https:\/\/archive.sana.sy\/es\/index.php?rest_route=%2Fwp%2Fv2%2Fcategories&post=252453"},{"taxonomy":"post_tag","embeddable":true,"href":"https:\/\/archive.sana.sy\/es\/index.php?rest_route=%2Fwp%2Fv2%2Ftags&post=252453"}],"curies":[{"name":"wp","href":"https:\/\/api.w.org\/{rel}","templated":true}]}}