{"id":252486,"date":"2022-09-12T20:24:42","date_gmt":"2022-09-12T17:24:42","guid":{"rendered":"http:\/\/107.6.182.27\/es\/?p=252486"},"modified":"2023-01-10T15:53:17","modified_gmt":"2023-01-10T13:53:17","slug":"la-onu-denuncia-aumento-significativo-del-trabajo-y-el-matrimonio-forzados-en-el-mundo","status":"publish","type":"post","link":"https:\/\/archive.sana.sy\/es\/?p=252486","title":{"rendered":"La ONU denuncia aumento significativo del trabajo y el matrimonio forzados en el mundo"},"content":{"rendered":"<p style=\"text-align: justify;\"><span style=\"color: #800000;\"><strong>Nueva York, 12 sep (SANA)<\/strong> <\/span>La esclavitud moderna ha aumentado en el mundo en los \u00faltimos a\u00f1os, en especial impulsada por la pandemia, con cerca de 50 millones de personas obligadas el a\u00f1o pasado a trabajar o a contraer matrimonio, indic\u00f3 el lunes la ONU.<\/p>\n<p style=\"text-align: justify;\">La ONU desea erradicar esta plaga en 2030 pero el a\u00f1o pasado 10 millones de personas suplementarias se hallaban en situaci\u00f3n de esclavitud moderna respecto a las estimaciones mundiales de 2016, seg\u00fan el \u00faltimo informe publicado por la Organizaci\u00f3n Internacional del Trabajo (OIT) y la Organizaci\u00f3n Internacional para las Migraciones (OIM) -dos agencias de la ONU- con la ONG Walk Free Foundation.<\/p>\n<p style=\"text-align: justify;\">De los 50 millones de esclavos modernos, cerca de 27,6 millones eran personas sometidas a trabajo forzado y 22 millones personas casadas contra su voluntad.<br \/>\nLas mujeres y las ni\u00f1as representan m\u00e1s de los dos tercios de las personas forzadas al matrimonio, y cerca de cuatro de cada cinco son personas en situaci\u00f3n de explotaci\u00f3n sexual comercial, seg\u00fan el informe.<\/p>\n<p style=\"text-align: justify;\">La pandemia -que provoc\u00f3 un deterioro de las condiciones de trabajo y un aumento del endeudamiento de los trabajadores- ha reforzado los resortes de la esclavitud moderna bajo todas sus formas.<\/p>\n<p style=\"text-align: justify;\">En todo el mundo, cerca de una persona de cada 150 es considerada como un esclavo moderno.<\/p>\n<p style=\"text-align: justify;\">Estos datos, que proceden de datos de hogares representativos a nivel nacional, indican que los casos de esclavitud no son transitorios, sino que duran varios a\u00f1os.<\/p>\n<p style=\"text-align: justify;\">&#8220;Es escandaloso que la situaci\u00f3n de la esclavitud moderna no mejore. Nada puede justificar la persistencia de este abuso fundamental de los derechos humanos&#8221;, dijo el Director General de la OIT, Guy Ryder en un comunicado.<\/p>\n<p style=\"text-align: justify;\">&#8220;Los sindicatos, las organizaciones empresariales, la sociedad civil y los ciudadanos de a pie tienen un papel fundamental que desempe\u00f1ar&#8221;, agreg\u00f3.<\/p>\n<p style=\"text-align: justify;\">El informe propone una serie de medidas que supondr\u00edan un avance significativo para acabar con la esclavitud moderna.<\/p>\n<p style=\"text-align: justify;\">Entre ellas se encuentran, seg\u00fan un comunicado de la OIT: mejorar y hacer cumplir las leyes y las inspecciones de trabajo, poner fin al trabajo forzoso impuesto por el Estado, reforzar las medidas para combatir el trabajo forzoso y la trata de personas en las empresas y las cadenas de suministro, ampliar la protecci\u00f3n social, y reforzar las protecciones legales incluida la elevaci\u00f3n de la edad legal para contraer matrimonio a los 18 a\u00f1os sin excepci\u00f3n.<\/p>\n<p style=\"text-align: justify;\">Las mujeres y los ni\u00f1os siguen siendo vulnerables de forma desproporcionada. Cerca de un trabajador forzado de cada ocho es un ni\u00f1o, y m\u00e1s de la mitad de ellos son v\u00edctimas de explotaci\u00f3n sexual comercial.<\/p>\n<p style=\"text-align: justify;\">Por otro lado, los trabajadores migrantes son tres veces m\u00e1s susceptibles de ser sometidos a trabajos forzados que los trabajadores adultos no migrantes.<\/p>\n<p style=\"text-align: justify;\">Ant\u00f3nio Vitorino, Director General de la OIM, recalca &#8220;la urgencia de garantizar que toda la migraci\u00f3n sea segura, ordenada y regular&#8221;.<\/p>\n<p style=\"text-align: justify;\">&#8220;La reducci\u00f3n de la vulnerabilidad de los migrantes al trabajo forzoso y a la trata de personas depende, en primer lugar, de marcos pol\u00edticos y jur\u00eddicos nacionales que respeten, protejan y hagan realidad los derechos humanos y las libertades fundamentales de todos los migrantes&#8221;, agrega, citado en el comunicado.<\/p>\n<p>mm<\/p>\n","protected":false},"excerpt":{"rendered":"<p>Nueva York, 12 sep (SANA) La esclavitud moderna ha aumentado en el mundo en los \u00faltimos a\u00f1os, en especial impulsada por la pandemia, con cerca de 50 millones de personas obligadas el a\u00f1o pasado a trabajar o a contraer matrimonio, indic\u00f3 el lunes la ONU. La ONU desea erradicar esta plaga en 2030 pero el &hellip;<\/p>\n","protected":false},"author":36,"featured_media":252487,"comment_status":"closed","ping_status":"closed","sticky":false,"template":"","format":"standard","meta":{"footnotes":""},"categories":[597,456,20724,457],"tags":[],"class_list":["post-252486","post","type-post","status-publish","format-standard","has-post-thumbnail","","category-cinta-de-noticias","category-arabe-internacional-politica","category-minuto-a-minuto","category-noticias-arabe-internacional-politica"],"_links":{"self":[{"href":"https:\/\/archive.sana.sy\/es\/index.php?rest_route=\/wp\/v2\/posts\/252486"}],"collection":[{"href":"https:\/\/archive.sana.sy\/es\/index.php?rest_route=\/wp\/v2\/posts"}],"about":[{"href":"https:\/\/archive.sana.sy\/es\/index.php?rest_route=\/wp\/v2\/types\/post"}],"author":[{"embeddable":true,"href":"https:\/\/archive.sana.sy\/es\/index.php?rest_route=\/wp\/v2\/users\/36"}],"replies":[{"embeddable":true,"href":"https:\/\/archive.sana.sy\/es\/index.php?rest_route=%2Fwp%2Fv2%2Fcomments&post=252486"}],"version-history":[{"count":0,"href":"https:\/\/archive.sana.sy\/es\/index.php?rest_route=\/wp\/v2\/posts\/252486\/revisions"}],"wp:featuredmedia":[{"embeddable":true,"href":"https:\/\/archive.sana.sy\/es\/index.php?rest_route=\/wp\/v2\/media\/252487"}],"wp:attachment":[{"href":"https:\/\/archive.sana.sy\/es\/index.php?rest_route=%2Fwp%2Fv2%2Fmedia&parent=252486"}],"wp:term":[{"taxonomy":"category","embeddable":true,"href":"https:\/\/archive.sana.sy\/es\/index.php?rest_route=%2Fwp%2Fv2%2Fcategories&post=252486"},{"taxonomy":"post_tag","embeddable":true,"href":"https:\/\/archive.sana.sy\/es\/index.php?rest_route=%2Fwp%2Fv2%2Ftags&post=252486"}],"curies":[{"name":"wp","href":"https:\/\/api.w.org\/{rel}","templated":true}]}}