{"id":252489,"date":"2022-09-12T20:29:16","date_gmt":"2022-09-12T17:29:16","guid":{"rendered":"http:\/\/107.6.182.27\/es\/?p=252489"},"modified":"2023-01-10T15:53:17","modified_gmt":"2023-01-10T13:53:17","slug":"una-mujer-pierde-la-vida-por-bombardeo-ucraniano-contra-el-suroeste-de-rusia","status":"publish","type":"post","link":"https:\/\/archive.sana.sy\/es\/?p=252489","title":{"rendered":"Una mujer pierde la vida por bombardeo ucraniano contra el suroeste de Rusia"},"content":{"rendered":"<p style=\"text-align: justify;\"><span style=\"color: #800000;\"><strong>Mosc\u00fa, 12 sep (SANA)<\/strong><\/span> El gobernador de la provincia de Belgorod, al suroeste de Rusia, Vyacheslav Gladkov, anunci\u00f3 que una mujer muri\u00f3 y cuatro personas resultaron heridas a ra\u00edz de bombardeos de las fuerzas del r\u00e9gimen ucraniano contra un punto fronterizo en la localidad de Lugachevka.<\/p>\n<p style=\"text-align: justify;\">Sputnik cit\u00f3 a Gladkov diciendo: \u201cUna ciudadana muri\u00f3 y otras cuatro personas resultaron heridas, tres son de nacionalidad ucraniana y una residente de la ciudad de Lugachevka&#8221;.<\/p>\n<p style=\"text-align: justify;\">Las ciudades rusas adyacentes a la frontera ucraniana est\u00e1n siendo atacadas deliberadamente por las fuerzas ucranianas.<\/p>\n<p style=\"text-align: justify;\"><em><strong>ah\/rsh<\/strong><\/em><\/p>\n","protected":false},"excerpt":{"rendered":"<p>Mosc\u00fa, 12 sep (SANA) El gobernador de la provincia de Belgorod, al suroeste de Rusia, Vyacheslav Gladkov, anunci\u00f3 que una mujer muri\u00f3 y cuatro personas resultaron heridas a ra\u00edz de bombardeos de las fuerzas del r\u00e9gimen ucraniano contra un punto fronterizo en la localidad de Lugachevka. Sputnik cit\u00f3 a Gladkov diciendo: \u201cUna ciudadana muri\u00f3 y &hellip;<\/p>\n","protected":false},"author":30,"featured_media":252490,"comment_status":"closed","ping_status":"closed","sticky":false,"template":"","format":"standard","meta":{"footnotes":""},"categories":[456,20724],"tags":[20817,6695,20357],"class_list":["post-252489","post","type-post","status-publish","format-standard","has-post-thumbnail","","category-arabe-internacional-politica","category-minuto-a-minuto","tag-belgorod","tag-rusia","tag-ucrania"],"_links":{"self":[{"href":"https:\/\/archive.sana.sy\/es\/index.php?rest_route=\/wp\/v2\/posts\/252489"}],"collection":[{"href":"https:\/\/archive.sana.sy\/es\/index.php?rest_route=\/wp\/v2\/posts"}],"about":[{"href":"https:\/\/archive.sana.sy\/es\/index.php?rest_route=\/wp\/v2\/types\/post"}],"author":[{"embeddable":true,"href":"https:\/\/archive.sana.sy\/es\/index.php?rest_route=\/wp\/v2\/users\/30"}],"replies":[{"embeddable":true,"href":"https:\/\/archive.sana.sy\/es\/index.php?rest_route=%2Fwp%2Fv2%2Fcomments&post=252489"}],"version-history":[{"count":0,"href":"https:\/\/archive.sana.sy\/es\/index.php?rest_route=\/wp\/v2\/posts\/252489\/revisions"}],"wp:featuredmedia":[{"embeddable":true,"href":"https:\/\/archive.sana.sy\/es\/index.php?rest_route=\/wp\/v2\/media\/252490"}],"wp:attachment":[{"href":"https:\/\/archive.sana.sy\/es\/index.php?rest_route=%2Fwp%2Fv2%2Fmedia&parent=252489"}],"wp:term":[{"taxonomy":"category","embeddable":true,"href":"https:\/\/archive.sana.sy\/es\/index.php?rest_route=%2Fwp%2Fv2%2Fcategories&post=252489"},{"taxonomy":"post_tag","embeddable":true,"href":"https:\/\/archive.sana.sy\/es\/index.php?rest_route=%2Fwp%2Fv2%2Ftags&post=252489"}],"curies":[{"name":"wp","href":"https:\/\/api.w.org\/{rel}","templated":true}]}}