{"id":252502,"date":"2022-09-12T21:31:13","date_gmt":"2022-09-12T18:31:13","guid":{"rendered":"http:\/\/107.6.182.27\/es\/?p=252502"},"modified":"2023-01-10T15:53:17","modified_gmt":"2023-01-10T13:53:17","slug":"kiev-prepara-gran-ofensiva-cerca-de-la-central-nuclear-de-zaporozhie","status":"publish","type":"post","link":"https:\/\/archive.sana.sy\/es\/?p=252502","title":{"rendered":"Kiev prepara &#8220;gran ofensiva&#8221; cerca de la central nuclear de Zaporozhie"},"content":{"rendered":"<blockquote>\n<p style=\"text-align: justify;\"><span style=\"color: #ff0000;\"><strong><em>&#8220;Se est\u00e1 desplazando un gran n\u00famero de armas pesadas, obuses M777, sistemas de lanzamisiles m\u00faltiple HIMARS y dem\u00e1s&#8221;<\/em><\/strong><\/span><\/p>\n<\/blockquote>\n<p style=\"text-align: justify;\"><span style=\"color: #800000;\"><strong>Mosc\u00fa, 12 sep (SANA)<\/strong> <\/span>Militares ucranianos est\u00e1n preparando &#8220;una gran ofensiva&#8221; cerca de la central nuclear de Zaporozhie, denunci\u00f3 Vlad\u00edmir R\u00f3gov, miembro del consejo principal de la Administraci\u00f3n de la provincia hom\u00f3nima, citado por RT.<\/p>\n<p style=\"text-align: justify;\">El representante dijo que el plan de ofensiva de las fuerzas de Kiev incluye la zona de puntos de cruce del r\u00edo Dnepr y la parte oriental de esta \u00e1rea.<\/p>\n<p style=\"text-align: justify;\">&#8220;Se est\u00e1 desplazando un gran n\u00famero de armas pesadas, obuses M777, sistemas de lanzamisiles m\u00faltiple HIMARS y dem\u00e1s&#8221;, se\u00f1al\u00f3, citado por TASS.<\/p>\n<p style=\"text-align: justify;\"><em><strong>fm\/ah<\/strong><\/em><\/p>\n","protected":false},"excerpt":{"rendered":"<p>&#8220;Se est\u00e1 desplazando un gran n\u00famero de armas pesadas, obuses M777, sistemas de lanzamisiles m\u00faltiple HIMARS y dem\u00e1s&#8221; Mosc\u00fa, 12 sep (SANA) Militares ucranianos est\u00e1n preparando &#8220;una gran ofensiva&#8221; cerca de la central nuclear de Zaporozhie, denunci\u00f3 Vlad\u00edmir R\u00f3gov, miembro del consejo principal de la Administraci\u00f3n de la provincia hom\u00f3nima, citado por RT. El representante &hellip;<\/p>\n","protected":false},"author":30,"featured_media":252503,"comment_status":"closed","ping_status":"closed","sticky":false,"template":"","format":"standard","meta":{"footnotes":""},"categories":[456,20724],"tags":[20818,20281,6695,20357],"class_list":["post-252502","post","type-post","status-publish","format-standard","has-post-thumbnail","","category-arabe-internacional-politica","category-minuto-a-minuto","tag-central-nuclear-de-zaporozhie","tag-kiev","tag-rusia","tag-ucrania"],"_links":{"self":[{"href":"https:\/\/archive.sana.sy\/es\/index.php?rest_route=\/wp\/v2\/posts\/252502"}],"collection":[{"href":"https:\/\/archive.sana.sy\/es\/index.php?rest_route=\/wp\/v2\/posts"}],"about":[{"href":"https:\/\/archive.sana.sy\/es\/index.php?rest_route=\/wp\/v2\/types\/post"}],"author":[{"embeddable":true,"href":"https:\/\/archive.sana.sy\/es\/index.php?rest_route=\/wp\/v2\/users\/30"}],"replies":[{"embeddable":true,"href":"https:\/\/archive.sana.sy\/es\/index.php?rest_route=%2Fwp%2Fv2%2Fcomments&post=252502"}],"version-history":[{"count":0,"href":"https:\/\/archive.sana.sy\/es\/index.php?rest_route=\/wp\/v2\/posts\/252502\/revisions"}],"wp:featuredmedia":[{"embeddable":true,"href":"https:\/\/archive.sana.sy\/es\/index.php?rest_route=\/wp\/v2\/media\/252503"}],"wp:attachment":[{"href":"https:\/\/archive.sana.sy\/es\/index.php?rest_route=%2Fwp%2Fv2%2Fmedia&parent=252502"}],"wp:term":[{"taxonomy":"category","embeddable":true,"href":"https:\/\/archive.sana.sy\/es\/index.php?rest_route=%2Fwp%2Fv2%2Fcategories&post=252502"},{"taxonomy":"post_tag","embeddable":true,"href":"https:\/\/archive.sana.sy\/es\/index.php?rest_route=%2Fwp%2Fv2%2Ftags&post=252502"}],"curies":[{"name":"wp","href":"https:\/\/api.w.org\/{rel}","templated":true}]}}