{"id":252559,"date":"2022-09-13T12:42:55","date_gmt":"2022-09-13T09:42:55","guid":{"rendered":"http:\/\/107.6.182.27\/es\/?p=252559"},"modified":"2023-01-10T15:53:15","modified_gmt":"2023-01-10T13:53:15","slug":"el-minuto-a-minuto-de-la-operacion-especial-rusa-en-ucrania-43","status":"publish","type":"post","link":"https:\/\/archive.sana.sy\/es\/?p=252559","title":{"rendered":"El minuto a minuto de la operaci\u00f3n especial rusa en Ucrania"},"content":{"rendered":"<p><span style=\"color: #800000;\"><strong>Mosc\u00fa, 13 sep (SANA)<\/strong><\/span><\/p>\n<p>????????M\u00e1s de 4 millones de refugiados de Donb\u00e1s y Ucrania llegaron a Rusia desde febrero pasado.<\/p>\n<p>????????Volodin: Washington se equivoca si piensa que lo que est\u00e1 pasando en Ucrania no le afectar\u00e1.<\/p>\n<p>????????Los intentos de Kiev de desestabilizar el pa\u00eds fracasar\u00e1n, afirma Primer ministro de Crimea.<\/p>\n<p>????????Fuerzas ucranianas sufrieron 3.500 bajas durante el \u00faltimo per\u00edodo.<\/p>\n<p>ed\/fm<\/p>\n","protected":false},"excerpt":{"rendered":"<p>Mosc\u00fa, 13 sep (SANA) ????????M\u00e1s de 4 millones de refugiados de Donb\u00e1s y Ucrania llegaron a Rusia desde febrero pasado. ????????Volodin: Washington se equivoca si piensa que lo que est\u00e1 pasando en Ucrania no le afectar\u00e1. ????????Los intentos de Kiev de desestabilizar el pa\u00eds fracasar\u00e1n, afirma Primer ministro de Crimea. ????????Fuerzas ucranianas sufrieron 3.500 bajas &hellip;<\/p>\n","protected":false},"author":32,"featured_media":252560,"comment_status":"closed","ping_status":"closed","sticky":false,"template":"","format":"standard","meta":{"footnotes":""},"categories":[597,456,20724,7541],"tags":[],"class_list":["post-252559","post","type-post","status-publish","format-standard","has-post-thumbnail","","category-cinta-de-noticias","category-arabe-internacional-politica","category-minuto-a-minuto","category-ultimas-noticias"],"_links":{"self":[{"href":"https:\/\/archive.sana.sy\/es\/index.php?rest_route=\/wp\/v2\/posts\/252559"}],"collection":[{"href":"https:\/\/archive.sana.sy\/es\/index.php?rest_route=\/wp\/v2\/posts"}],"about":[{"href":"https:\/\/archive.sana.sy\/es\/index.php?rest_route=\/wp\/v2\/types\/post"}],"author":[{"embeddable":true,"href":"https:\/\/archive.sana.sy\/es\/index.php?rest_route=\/wp\/v2\/users\/32"}],"replies":[{"embeddable":true,"href":"https:\/\/archive.sana.sy\/es\/index.php?rest_route=%2Fwp%2Fv2%2Fcomments&post=252559"}],"version-history":[{"count":0,"href":"https:\/\/archive.sana.sy\/es\/index.php?rest_route=\/wp\/v2\/posts\/252559\/revisions"}],"wp:featuredmedia":[{"embeddable":true,"href":"https:\/\/archive.sana.sy\/es\/index.php?rest_route=\/wp\/v2\/media\/252560"}],"wp:attachment":[{"href":"https:\/\/archive.sana.sy\/es\/index.php?rest_route=%2Fwp%2Fv2%2Fmedia&parent=252559"}],"wp:term":[{"taxonomy":"category","embeddable":true,"href":"https:\/\/archive.sana.sy\/es\/index.php?rest_route=%2Fwp%2Fv2%2Fcategories&post=252559"},{"taxonomy":"post_tag","embeddable":true,"href":"https:\/\/archive.sana.sy\/es\/index.php?rest_route=%2Fwp%2Fv2%2Ftags&post=252559"}],"curies":[{"name":"wp","href":"https:\/\/api.w.org\/{rel}","templated":true}]}}