{"id":25263,"date":"2015-06-18T18:27:48","date_gmt":"2015-06-18T15:27:48","guid":{"rendered":"http:\/\/sana.sy\/es\/?p=25263"},"modified":"2015-06-18T18:27:48","modified_gmt":"2015-06-18T15:27:48","slug":"primer-ministro-confirma-que-los-neo-otomanos-esta-reproduciendo-la-sangrienta-historia-de-sus-ancestros","status":"publish","type":"post","link":"https:\/\/archive.sana.sy\/es\/?p=25263","title":{"rendered":"Primer Ministro confirma que los neo otomanos est\u00e1 reproduciendo la sangrienta historia de sus ancestros"},"content":{"rendered":"<p><span style=\"color: #800000\">Damasco, SANA<\/span><\/p>\n<p>El primer ministro, Wael al-Halqui acot\u00f3 este jueves que los armenios son uno de los componentes principales de la sociedad siria, haciendo hincapi\u00e9 en que el pueblo sirio, gracias a su apoyo a su liderazgo y ej\u00e9rcito vencer\u00e1 a los enemigos y reconstruir\u00e1 su pa\u00eds.<\/p>\n<p>Estas declaraciones se emitieron durante la reuni\u00f3n del jefe del Ejecutivo sirio con la m\u00e1xima autoridad religiosa de los armenios evang\u00e9licos, el cl\u00e9rigo Haroutioun Sleiman.<\/p>\n<p>El Primer Ministro se\u00f1al\u00f3 que los neo otomanos, liderados por el criminal Erdogan, est\u00e1n reproduciendo la sangrienta y oscura historia de sus ancestros, denunciando que el presidente r\u00e9gimen turco se esfuerza para destruir la econom\u00eda de Siria, saquear sus recursos, y derramar la sangre de su poblaci\u00f3n a trav\u00e9s de enviar bandas de mercenarios a la misma.<\/p>\n<p>Por otra parte, al-Halqui habl\u00f3 de la invasi\u00f3n cultural e ideol\u00f3gica encaminada a socavar las sociedades, haciendo referencia al papel de los cl\u00e9rigos en inmunizar la sociedad siria ante esta invasi\u00f3n y reforzar las reconciliaciones locales.<\/p>\n<p>Por su parte, el cl\u00e9rigo Haroutioun expres\u00f3 su esperanza en el fracaso de los intentos de los enemigos de Siria para golpear su unidad nacional.<\/p>\n<p>Asimismo manifest\u00f3 su fe en la capacidad de Siria de acabar con las codicias de Erdogan que constituye un factor de desestabilidad para toda la regi\u00f3n, recalcando que el mismo tiene que rendir cuentas por los cr\u00edmenes terroristas cometidos contra miles de sirios y por la destrucci\u00f3n que caus\u00f3 en Siria.<\/p>\n<p>Lynn A.<\/p>\n","protected":false},"excerpt":{"rendered":"<p>Damasco, SANA El primer ministro, Wael al-Halqui acot\u00f3 este jueves que los armenios son uno de los componentes principales de la sociedad siria, haciendo hincapi\u00e9 en que el pueblo sirio, gracias a su apoyo a su liderazgo y ej\u00e9rcito vencer\u00e1 a los enemigos y reconstruir\u00e1 su pa\u00eds. Estas declaraciones se emitieron durante la reuni\u00f3n del &hellip;<\/p>\n","protected":false},"author":24,"featured_media":25264,"comment_status":"closed","ping_status":"closed","sticky":false,"template":"","format":"standard","meta":{"footnotes":""},"categories":[477,476],"tags":[5679],"class_list":["post-25263","post","type-post","status-publish","format-standard","has-post-thumbnail","","category-noticias-edulcorantes","category-locales","tag-primer-ministro-confirma-que-los-neo-otomanos-esta-reproduciendo-la-sangrienta-historia-de-sus-ancestros"],"_links":{"self":[{"href":"https:\/\/archive.sana.sy\/es\/index.php?rest_route=\/wp\/v2\/posts\/25263"}],"collection":[{"href":"https:\/\/archive.sana.sy\/es\/index.php?rest_route=\/wp\/v2\/posts"}],"about":[{"href":"https:\/\/archive.sana.sy\/es\/index.php?rest_route=\/wp\/v2\/types\/post"}],"author":[{"embeddable":true,"href":"https:\/\/archive.sana.sy\/es\/index.php?rest_route=\/wp\/v2\/users\/24"}],"replies":[{"embeddable":true,"href":"https:\/\/archive.sana.sy\/es\/index.php?rest_route=%2Fwp%2Fv2%2Fcomments&post=25263"}],"version-history":[{"count":0,"href":"https:\/\/archive.sana.sy\/es\/index.php?rest_route=\/wp\/v2\/posts\/25263\/revisions"}],"wp:featuredmedia":[{"embeddable":true,"href":"https:\/\/archive.sana.sy\/es\/index.php?rest_route=\/wp\/v2\/media\/25264"}],"wp:attachment":[{"href":"https:\/\/archive.sana.sy\/es\/index.php?rest_route=%2Fwp%2Fv2%2Fmedia&parent=25263"}],"wp:term":[{"taxonomy":"category","embeddable":true,"href":"https:\/\/archive.sana.sy\/es\/index.php?rest_route=%2Fwp%2Fv2%2Fcategories&post=25263"},{"taxonomy":"post_tag","embeddable":true,"href":"https:\/\/archive.sana.sy\/es\/index.php?rest_route=%2Fwp%2Fv2%2Ftags&post=25263"}],"curies":[{"name":"wp","href":"https:\/\/api.w.org\/{rel}","templated":true}]}}