{"id":25267,"date":"2015-06-18T18:54:58","date_gmt":"2015-06-18T15:54:58","guid":{"rendered":"http:\/\/sana.sy\/es\/?p=25267"},"modified":"2023-01-10T15:29:08","modified_gmt":"2023-01-10T13:29:08","slug":"khamis-destaca-necesidad-de-dar-seguimiento-a-los-acuerdos-firmados-con-las-companias-iranies","status":"publish","type":"post","link":"https:\/\/archive.sana.sy\/es\/?p=25267","title":{"rendered":"Khamis destaca necesidad de dar seguimiento a los acuerdos firmados con las compa\u00f1\u00edas iran\u00edes"},"content":{"rendered":"<p><span style=\"color: #800000\">Teher\u00e1n, SANA<\/span><\/p>\n<p>El ministro de Energ\u00eda El\u00e9ctrica, Imad Khamis debati\u00f3 este jueves en Teher\u00e1n con el Director General del Banco Iran\u00ed de Desarrollo de las Exportaciones, Ali Saleh Abadi, la ejecuci\u00f3n de los acuerdos firmados con las compa\u00f1\u00edas iran\u00edes y los esfuerzos realizados para allanar los obst\u00e1culos que enfrentan este su progreso.<\/p>\n<p>Khamis resalt\u00f3 la importancia de adoptar pasos excepcionales a tenor de la etapa actual, y de trabajar con seriedad para elevar el nivel de la cooperaci\u00f3n entre ambos pa\u00edses.<\/p>\n<p>A su vez, Abadi reiter\u00f3 el apoyo de Ir\u00e1n a Siria en todos los \u00e1mbitos.<\/p>\n<p>De igual manera, el titular de Energ\u00eda El\u00e9ctrica sirio examin\u00f3 con representantes de varias compa\u00f1\u00edas iran\u00edes que operan en el sector de energ\u00eda en Siria los proyectos futuros y el mecanismo de ejecutar los en progreso.<\/p>\n<p>Es de se\u00f1alar que Siria e Ir\u00e1n hab\u00edan rubricado en el pasado mes de marzo un acuerdo econ\u00f3mico en las \u00e1reas de la energ\u00eda el\u00e9ctrica, la industria y la agricultura y la inversi\u00f3n.<br \/>\nLynn A.<\/p>\n","protected":false},"excerpt":{"rendered":"<p>Teher\u00e1n, SANA El ministro de Energ\u00eda El\u00e9ctrica, Imad Khamis debati\u00f3 este jueves en Teher\u00e1n con el Director General del Banco Iran\u00ed de Desarrollo de las Exportaciones, Ali Saleh Abadi, la ejecuci\u00f3n de los acuerdos firmados con las compa\u00f1\u00edas iran\u00edes y los esfuerzos realizados para allanar los obst\u00e1culos que enfrentan este su progreso. Khamis resalt\u00f3 la &hellip;<\/p>\n","protected":false},"author":24,"featured_media":25268,"comment_status":"closed","ping_status":"closed","sticky":false,"template":"","format":"standard","meta":{"footnotes":""},"categories":[447,485],"tags":[5680],"class_list":["post-25267","post","type-post","status-publish","format-standard","has-post-thumbnail","","category-local-politica","category-informes-negocios-y-finanzas","tag-khamis-destaca-necesidad-de-dar-seguimiento-a-los-acuerdos-firmados-con-las-companias-iranies"],"_links":{"self":[{"href":"https:\/\/archive.sana.sy\/es\/index.php?rest_route=\/wp\/v2\/posts\/25267"}],"collection":[{"href":"https:\/\/archive.sana.sy\/es\/index.php?rest_route=\/wp\/v2\/posts"}],"about":[{"href":"https:\/\/archive.sana.sy\/es\/index.php?rest_route=\/wp\/v2\/types\/post"}],"author":[{"embeddable":true,"href":"https:\/\/archive.sana.sy\/es\/index.php?rest_route=\/wp\/v2\/users\/24"}],"replies":[{"embeddable":true,"href":"https:\/\/archive.sana.sy\/es\/index.php?rest_route=%2Fwp%2Fv2%2Fcomments&post=25267"}],"version-history":[{"count":0,"href":"https:\/\/archive.sana.sy\/es\/index.php?rest_route=\/wp\/v2\/posts\/25267\/revisions"}],"wp:featuredmedia":[{"embeddable":true,"href":"https:\/\/archive.sana.sy\/es\/index.php?rest_route=\/wp\/v2\/media\/25268"}],"wp:attachment":[{"href":"https:\/\/archive.sana.sy\/es\/index.php?rest_route=%2Fwp%2Fv2%2Fmedia&parent=25267"}],"wp:term":[{"taxonomy":"category","embeddable":true,"href":"https:\/\/archive.sana.sy\/es\/index.php?rest_route=%2Fwp%2Fv2%2Fcategories&post=25267"},{"taxonomy":"post_tag","embeddable":true,"href":"https:\/\/archive.sana.sy\/es\/index.php?rest_route=%2Fwp%2Fv2%2Ftags&post=25267"}],"curies":[{"name":"wp","href":"https:\/\/api.w.org\/{rel}","templated":true}]}}