{"id":25273,"date":"2015-06-18T19:51:00","date_gmt":"2015-06-18T16:51:00","guid":{"rendered":"http:\/\/sana.sy\/es\/?p=25273"},"modified":"2015-06-18T19:51:00","modified_gmt":"2015-06-18T16:51:00","slug":"al-hilal-se-reune-con-una-delegacion-de-rusia","status":"publish","type":"post","link":"https:\/\/archive.sana.sy\/es\/?p=25273","title":{"rendered":"Al-Hilal se re\u00fane con una delegaci\u00f3n de Rusia"},"content":{"rendered":"<p><span style=\"color: #800000\">Damasco, SANA<\/span><\/p>\n<p>El secretario general adjunto del Partido \u00c1rabe Socialista de Baath, Hilal al-Hilal se reuni\u00f3 este jueves con una delegaci\u00f3n de la Federaci\u00f3n de Escritores de Rusia.<\/p>\n<p>Durante la reuni\u00f3n, al-Hilal se\u00f1al\u00f3 que las masacres cometidas en Siria a lo largo de cuatro a\u00f1os a manos de los mercenarios criminales est\u00e1n encaminadas a debilitar sus posturas principistas frente a las conspiraciones y los planes de las potencias hegem\u00f3nicas.<\/p>\n<p>Al-Hilal enfatiz\u00f3 que Siria est\u00e1 luchando contra el terrorismo en lugar de todos los pueblos del mundo, asegurando que esta naci\u00f3n vencer\u00e1 a sus enemigos gracias a la valent\u00eda de su pueblo, ej\u00e9rcito y presidente.<\/p>\n<p>El alto pol\u00edtico sirio explic\u00f3 a la delegaci\u00f3n rusa que EEUU dio luz a la organizaci\u00f3n terroristas del Estado Isl\u00e1mico para dividir la regi\u00f3n y destruirla, agregando que todas las bandas criminales que operan en Siria reciben apoyo financiero y armament\u00edstico de Occidente que busca realizar sus codicias en la regi\u00f3n a trav\u00e9s de estos terroristas.<\/p>\n<p>Asimismo denunci\u00f3 que los pa\u00edses occidentales que alegan abogar por la democracia y los derechos humanos, establecen alianza con reg\u00edmenes tales como Arabia Saudita y Qatar, los cuales no tienen nada que ver con estos principios.<\/p>\n<p>La delegaci\u00f3n rusa se reuni\u00f3 anteriormente con el ministro de Cultura, Issam Khalil. El presidente de la delegaci\u00f3n explic\u00f3 al ministro sirio que esta visita tiene como objetivo reiterar el apoyo de Rusia a Siria frente a su crisis actual.<\/p>\n<p>&nbsp;<\/p>\n<p>Lynn A.<\/p>\n","protected":false},"excerpt":{"rendered":"<p>Damasco, SANA El secretario general adjunto del Partido \u00c1rabe Socialista de Baath, Hilal al-Hilal se reuni\u00f3 este jueves con una delegaci\u00f3n de la Federaci\u00f3n de Escritores de Rusia. Durante la reuni\u00f3n, al-Hilal se\u00f1al\u00f3 que las masacres cometidas en Siria a lo largo de cuatro a\u00f1os a manos de los mercenarios criminales est\u00e1n encaminadas a debilitar &hellip;<\/p>\n","protected":false},"author":24,"featured_media":25274,"comment_status":"closed","ping_status":"closed","sticky":false,"template":"","format":"standard","meta":{"footnotes":""},"categories":[477,476],"tags":[5681],"class_list":["post-25273","post","type-post","status-publish","format-standard","has-post-thumbnail","","category-noticias-edulcorantes","category-locales","tag-al-hilal-se-reune-con-una-delegacion-de-rusia"],"_links":{"self":[{"href":"https:\/\/archive.sana.sy\/es\/index.php?rest_route=\/wp\/v2\/posts\/25273"}],"collection":[{"href":"https:\/\/archive.sana.sy\/es\/index.php?rest_route=\/wp\/v2\/posts"}],"about":[{"href":"https:\/\/archive.sana.sy\/es\/index.php?rest_route=\/wp\/v2\/types\/post"}],"author":[{"embeddable":true,"href":"https:\/\/archive.sana.sy\/es\/index.php?rest_route=\/wp\/v2\/users\/24"}],"replies":[{"embeddable":true,"href":"https:\/\/archive.sana.sy\/es\/index.php?rest_route=%2Fwp%2Fv2%2Fcomments&post=25273"}],"version-history":[{"count":0,"href":"https:\/\/archive.sana.sy\/es\/index.php?rest_route=\/wp\/v2\/posts\/25273\/revisions"}],"wp:featuredmedia":[{"embeddable":true,"href":"https:\/\/archive.sana.sy\/es\/index.php?rest_route=\/wp\/v2\/media\/25274"}],"wp:attachment":[{"href":"https:\/\/archive.sana.sy\/es\/index.php?rest_route=%2Fwp%2Fv2%2Fmedia&parent=25273"}],"wp:term":[{"taxonomy":"category","embeddable":true,"href":"https:\/\/archive.sana.sy\/es\/index.php?rest_route=%2Fwp%2Fv2%2Fcategories&post=25273"},{"taxonomy":"post_tag","embeddable":true,"href":"https:\/\/archive.sana.sy\/es\/index.php?rest_route=%2Fwp%2Fv2%2Ftags&post=25273"}],"curies":[{"name":"wp","href":"https:\/\/api.w.org\/{rel}","templated":true}]}}