{"id":25282,"date":"2015-06-18T22:52:31","date_gmt":"2015-06-18T19:52:31","guid":{"rendered":"http:\/\/sana.sy\/es\/?p=25282"},"modified":"2015-06-18T22:56:38","modified_gmt":"2015-06-18T19:56:38","slug":"venezuela-llama-a-suprimir-el-apoyo-y-financiamiento-del-terrorismo","status":"publish","type":"post","link":"https:\/\/archive.sana.sy\/es\/?p=25282","title":{"rendered":"Venezuela llama a suprimir el apoyo y financiamiento del terrorismo"},"content":{"rendered":"<p>Nueva York-SANA<\/p>\n<p>Venezuela ha ratificado hoy su rechazo al terrorismo y manifest\u00f3 su disposici\u00f3n a cooperarse con la comunidad internacional para afrontar el mismo, considerando la cooperaci\u00f3n internacional como \u00a8un instrumento clave\u00a8, para hacer frente a este flagelo.<\/p>\n<p>Durante una reuni\u00f3n celebrada en la sede de las Naciones Unidas dedicada a discutir el tema del terrorismo, el Embajador de Venezuela ante esta Organizaci\u00f3n Internacional, Rafael Ram\u00edrez exhort\u00f3 al Consejo de Seguridad que exija a los pa\u00edses que apoyan, financian y entrenan a grupos extremistas, poner fin a esta pr\u00e1ctica que ha provocado conflictos y destrucci\u00f3n en varios estados.<\/p>\n<p>\u00a8El apoyo proporcionado por los pa\u00edses occidentales y los pa\u00edses de la OTAN y sus aliados en la regi\u00f3n a los grupos terroristas extremistas es tangible en la crisis de Siria\u00a8, destac\u00f3, se\u00f1alando que dichos grupos extremistas siembran el terrorismo en este pa\u00eds \u00e1rabe.<\/p>\n<p>Asimismo conden\u00f3 la pol\u00edtica de doble rasero practicada por el Consejo de Seguridad a la hora de abordar el tema del terrorismo.<\/p>\n<p>Yamil K.<\/p>\n","protected":false},"excerpt":{"rendered":"<p>Nueva York-SANA Venezuela ha ratificado hoy su rechazo al terrorismo y manifest\u00f3 su disposici\u00f3n a cooperarse con la comunidad internacional para afrontar el mismo, considerando la cooperaci\u00f3n internacional como \u00a8un instrumento clave\u00a8, para hacer frente a este flagelo. Durante una reuni\u00f3n celebrada en la sede de las Naciones Unidas dedicada a discutir el tema del &hellip;<\/p>\n","protected":false},"author":1,"featured_media":25285,"comment_status":"closed","ping_status":"closed","sticky":false,"template":"","format":"standard","meta":{"footnotes":""},"categories":[456,457,576],"tags":[],"class_list":["post-25282","post","type-post","status-publish","format-standard","has-post-thumbnail","","category-arabe-internacional-politica","category-noticias-arabe-internacional-politica","category-noticias-politicas"],"_links":{"self":[{"href":"https:\/\/archive.sana.sy\/es\/index.php?rest_route=\/wp\/v2\/posts\/25282"}],"collection":[{"href":"https:\/\/archive.sana.sy\/es\/index.php?rest_route=\/wp\/v2\/posts"}],"about":[{"href":"https:\/\/archive.sana.sy\/es\/index.php?rest_route=\/wp\/v2\/types\/post"}],"author":[{"embeddable":true,"href":"https:\/\/archive.sana.sy\/es\/index.php?rest_route=\/wp\/v2\/users\/1"}],"replies":[{"embeddable":true,"href":"https:\/\/archive.sana.sy\/es\/index.php?rest_route=%2Fwp%2Fv2%2Fcomments&post=25282"}],"version-history":[{"count":0,"href":"https:\/\/archive.sana.sy\/es\/index.php?rest_route=\/wp\/v2\/posts\/25282\/revisions"}],"wp:featuredmedia":[{"embeddable":true,"href":"https:\/\/archive.sana.sy\/es\/index.php?rest_route=\/wp\/v2\/media\/25285"}],"wp:attachment":[{"href":"https:\/\/archive.sana.sy\/es\/index.php?rest_route=%2Fwp%2Fv2%2Fmedia&parent=25282"}],"wp:term":[{"taxonomy":"category","embeddable":true,"href":"https:\/\/archive.sana.sy\/es\/index.php?rest_route=%2Fwp%2Fv2%2Fcategories&post=25282"},{"taxonomy":"post_tag","embeddable":true,"href":"https:\/\/archive.sana.sy\/es\/index.php?rest_route=%2Fwp%2Fv2%2Ftags&post=25282"}],"curies":[{"name":"wp","href":"https:\/\/api.w.org\/{rel}","templated":true}]}}