{"id":252825,"date":"2022-09-15T13:19:09","date_gmt":"2022-09-15T10:19:09","guid":{"rendered":"http:\/\/107.6.182.27\/es\/?p=252825"},"modified":"2023-01-10T15:53:09","modified_gmt":"2023-01-10T13:53:09","slug":"fuerzas-de-kiev-bombardean-con-misiles-estadounidenses-a-areas-en-donetsk","status":"publish","type":"post","link":"https:\/\/archive.sana.sy\/es\/?p=252825","title":{"rendered":"Fuerzas de Kiev bombardean con misiles estadounidenses a \u00e1reas en Donetsk"},"content":{"rendered":"<p style=\"text-align: justify;\"><span style=\"color: #800000;\"><strong>Donetsk, 15 sep (SANA)\u00a0<\/strong> <\/span>\u00a0La misi\u00f3n de la Rep\u00fablica Popular de Donetsk en el Centro Conjunto de Supervisi\u00f3n del Alto el Fuego anunci\u00f3 que las fuerzas ucranianas bombardearon las ciudades de Makeivka y Donetsk utilizando obuses de fabricaci\u00f3n estadounidense.<\/p>\n<p style=\"text-align: justify;\">\u201cLas fuerzas de Kiev bombardearon la ciudad de Makeivka con tres proyectiles y otros tres proyectiles de 155 mm fueron disparados contra el \u00e1rea de Kievsky de la ciudad de Donetskon obuses\u201d, seg\u00fan inform\u00f3 la agencia de noticias TASS citado la misi\u00f3n.<\/p>\n<p style=\"text-align: justify;\">Desde el 28 de agosto pasado, la regi\u00f3n de Jerson ha sido objeto de bombardeos por las fuerzas ucranianas, lo que provoc\u00f3 la destrucci\u00f3n de escuelas e infraestructuras y da\u00f1os materiales en zonas residenciales.<\/p>\n<p style=\"text-align: justify;\">ed\/fm<\/p>\n","protected":false},"excerpt":{"rendered":"<p>Donetsk, 15 sep (SANA)\u00a0 \u00a0La misi\u00f3n de la Rep\u00fablica Popular de Donetsk en el Centro Conjunto de Supervisi\u00f3n del Alto el Fuego anunci\u00f3 que las fuerzas ucranianas bombardearon las ciudades de Makeivka y Donetsk utilizando obuses de fabricaci\u00f3n estadounidense. \u201cLas fuerzas de Kiev bombardearon la ciudad de Makeivka con tres proyectiles y otros tres proyectiles &hellip;<\/p>\n","protected":false},"author":32,"featured_media":252828,"comment_status":"closed","ping_status":"closed","sticky":false,"template":"","format":"standard","meta":{"footnotes":""},"categories":[597,456,20724,7541],"tags":[],"class_list":["post-252825","post","type-post","status-publish","format-standard","has-post-thumbnail","","category-cinta-de-noticias","category-arabe-internacional-politica","category-minuto-a-minuto","category-ultimas-noticias"],"_links":{"self":[{"href":"https:\/\/archive.sana.sy\/es\/index.php?rest_route=\/wp\/v2\/posts\/252825"}],"collection":[{"href":"https:\/\/archive.sana.sy\/es\/index.php?rest_route=\/wp\/v2\/posts"}],"about":[{"href":"https:\/\/archive.sana.sy\/es\/index.php?rest_route=\/wp\/v2\/types\/post"}],"author":[{"embeddable":true,"href":"https:\/\/archive.sana.sy\/es\/index.php?rest_route=\/wp\/v2\/users\/32"}],"replies":[{"embeddable":true,"href":"https:\/\/archive.sana.sy\/es\/index.php?rest_route=%2Fwp%2Fv2%2Fcomments&post=252825"}],"version-history":[{"count":0,"href":"https:\/\/archive.sana.sy\/es\/index.php?rest_route=\/wp\/v2\/posts\/252825\/revisions"}],"wp:featuredmedia":[{"embeddable":true,"href":"https:\/\/archive.sana.sy\/es\/index.php?rest_route=\/wp\/v2\/media\/252828"}],"wp:attachment":[{"href":"https:\/\/archive.sana.sy\/es\/index.php?rest_route=%2Fwp%2Fv2%2Fmedia&parent=252825"}],"wp:term":[{"taxonomy":"category","embeddable":true,"href":"https:\/\/archive.sana.sy\/es\/index.php?rest_route=%2Fwp%2Fv2%2Fcategories&post=252825"},{"taxonomy":"post_tag","embeddable":true,"href":"https:\/\/archive.sana.sy\/es\/index.php?rest_route=%2Fwp%2Fv2%2Ftags&post=252825"}],"curies":[{"name":"wp","href":"https:\/\/api.w.org\/{rel}","templated":true}]}}