{"id":252832,"date":"2022-09-15T13:56:48","date_gmt":"2022-09-15T10:56:48","guid":{"rendered":"http:\/\/107.6.182.27\/es\/?p=252832"},"modified":"2022-09-15T13:57:35","modified_gmt":"2022-09-15T10:57:35","slug":"iran-presencia-ilegal-de-fuerzas-extranjeras-en-siria-incentiva-la-actividad-terrorista","status":"publish","type":"post","link":"https:\/\/archive.sana.sy\/es\/?p=252832","title":{"rendered":"Ir\u00e1n: presencia ilegal de fuerzas extranjeras en Siria incentiva la actividad terrorista"},"content":{"rendered":"<p style=\"text-align: justify;\"><span style=\"color: #800000;\"><strong>Nueva York, 15 sep (SANA)<\/strong><\/span>\u00a0 El representante permanente de Ir\u00e1n ante las Naciones Unidas, Amir Saeed Irwani, dijo que la presencia ilegal de fuerzas extranjeras en Siria pone en peligro la paz y la seguridad internacionales y ofrece apoyo a los terroristas.<\/p>\n<p style=\"text-align: justify;\">&#8220;Los ataques llevados a cabo por estas fuerzas ilegales en Siria constituyen graves violaciones del derecho internacional, de la Convenci\u00f3n de las Naciones Unidas y de la Carta de las Naciones Unidas, dijo Irwani durante una reuni\u00f3n del Consejo de Seguridad de la ONU sobre la situaci\u00f3n en Siria.<\/p>\n<p style=\"text-align: justify;\">Irwani reiter\u00f3 que su pa\u00eds condena los ataques de Israel contra Siria y enfatiz\u00f3 que se trata de un crimen de guerra y una clara violaci\u00f3n de la soberan\u00eda siria y los derechos humanos sirios.<\/p>\n<p style=\"text-align: justify;\">Pidi\u00f3 al Consejo de Seguridad que obligue a la entidad sionista a asumir su responsabilidad por estas violaciones.<\/p>\n<p style=\"text-align: justify;\">Seg\u00fan el diplom\u00e1tico, la resoluci\u00f3n de la crisis en Siria debe ser pac\u00edfica y basada en el respeto de la Carta de las Naciones Unidas, el derecho internacional y la independencia, la soberan\u00eda nacional y la integridad territorial de Siria.<\/p>\n<p style=\"text-align: justify;\">Asimismo, conden\u00f3 el saqueo de los recursos naturales del pueblo sirio, especialmente el petr\u00f3leo, y pidi\u00f3 el levantamiento de las sanciones econ\u00f3micas unilaterales impuestas al pueblo sirio.<\/p>\n<p style=\"text-align: justify;\">ed\/fm<\/p>\n","protected":false},"excerpt":{"rendered":"<p>Nueva York, 15 sep (SANA)\u00a0 El representante permanente de Ir\u00e1n ante las Naciones Unidas, Amir Saeed Irwani, dijo que la presencia ilegal de fuerzas extranjeras en Siria pone en peligro la paz y la seguridad internacionales y ofrece apoyo a los terroristas. &#8220;Los ataques llevados a cabo por estas fuerzas ilegales en Siria constituyen graves &hellip;<\/p>\n","protected":false},"author":32,"featured_media":252834,"comment_status":"closed","ping_status":"closed","sticky":false,"template":"","format":"standard","meta":{"footnotes":""},"categories":[597,20724,467,7541],"tags":[8813,8799,6553],"class_list":["post-252832","post","type-post","status-publish","format-standard","has-post-thumbnail","","category-cinta-de-noticias","category-minuto-a-minuto","category-siria-y-el-mundo","category-ultimas-noticias","tag-nueva-york","tag-onu","tag-siria"],"_links":{"self":[{"href":"https:\/\/archive.sana.sy\/es\/index.php?rest_route=\/wp\/v2\/posts\/252832"}],"collection":[{"href":"https:\/\/archive.sana.sy\/es\/index.php?rest_route=\/wp\/v2\/posts"}],"about":[{"href":"https:\/\/archive.sana.sy\/es\/index.php?rest_route=\/wp\/v2\/types\/post"}],"author":[{"embeddable":true,"href":"https:\/\/archive.sana.sy\/es\/index.php?rest_route=\/wp\/v2\/users\/32"}],"replies":[{"embeddable":true,"href":"https:\/\/archive.sana.sy\/es\/index.php?rest_route=%2Fwp%2Fv2%2Fcomments&post=252832"}],"version-history":[{"count":0,"href":"https:\/\/archive.sana.sy\/es\/index.php?rest_route=\/wp\/v2\/posts\/252832\/revisions"}],"wp:featuredmedia":[{"embeddable":true,"href":"https:\/\/archive.sana.sy\/es\/index.php?rest_route=\/wp\/v2\/media\/252834"}],"wp:attachment":[{"href":"https:\/\/archive.sana.sy\/es\/index.php?rest_route=%2Fwp%2Fv2%2Fmedia&parent=252832"}],"wp:term":[{"taxonomy":"category","embeddable":true,"href":"https:\/\/archive.sana.sy\/es\/index.php?rest_route=%2Fwp%2Fv2%2Fcategories&post=252832"},{"taxonomy":"post_tag","embeddable":true,"href":"https:\/\/archive.sana.sy\/es\/index.php?rest_route=%2Fwp%2Fv2%2Ftags&post=252832"}],"curies":[{"name":"wp","href":"https:\/\/api.w.org\/{rel}","templated":true}]}}