{"id":25287,"date":"2015-06-19T14:35:34","date_gmt":"2015-06-19T11:35:34","guid":{"rendered":"http:\/\/www.sana.sy\/es\/?p=25287"},"modified":"2015-06-19T14:35:34","modified_gmt":"2015-06-19T11:35:34","slug":"jaafari-gobierno-sirio-emplea-todos-los-recursos-para-proteger-a-los-ninos-sirios-de-la-ideologia-extremista-y-terrorista","status":"publish","type":"post","link":"https:\/\/archive.sana.sy\/es\/?p=25287","title":{"rendered":"Jaafari: gobierno sirio emplea todos los recursos para proteger a los ni\u00f1os sirios de la ideolog\u00eda extremista y terrorista"},"content":{"rendered":"<div><span lang=\"ES-TRAD\">Nueva York, SANA<\/span><\/div>\n<div><\/div>\n<div><span lang=\"ES-TRAD\">El Delegado Permanente de Siria ante las Naciones Unidas, Dr. Bashar al-Jaafari, reafirm\u00f3 la necesidad de que se ponga fin a las pol\u00edticas de los gobiernos patrocinadores del terrorismo, y que algunos miembros del Consejo de Seguridad adopten medidas eficaces para rendir cuentas a los gobiernos de esos pa\u00edses.<\/span><\/div>\n<div><\/div>\n<div><span lang=\"ES-TRAD\">Durante una sesi\u00f3n del Consejo de Seguridad dedicada a la discusi\u00f3n del tema titulado &#8220;los ni\u00f1os y los conflictos armados&#8221;, al-Jaafari afirm\u00f3 la necesidad de apoyar los esfuerzos del gobierno sirio en la rehabilitaci\u00f3n de los ni\u00f1os v\u00edctimas y su reintegraci\u00f3n en sus comunidades, en lugar de seguir haciendo caso omiso a la afluencia de armas y municiones desde afuera de Siria, lo cual s\u00f3lo har\u00eda que las nuevas generaciones en Siria se cr\u00eden en medio de im\u00e1genes de sangre y violencia.<\/span><\/div>\n<div><\/div>\n<div><span lang=\"ES-TRAD\">Tambi\u00e9n, explic\u00f3 que los delitos de secuestro de ni\u00f1os por parte de los terroristas del Frente al-Nousra y el Estado Isl\u00e1mico tienen sus ra\u00edces en la Edad Media cuando los otomanos y los sely\u00facos adoptaban esa t\u00e9cnica para formar a su ej\u00e9rcito jen\u00edzaro en aquel entonces.<\/span><\/div>\n<div><\/div>\n<div><span lang=\"ES-TRAD\">Jaafari manifest\u00f3: &#8220;El informe presentado ignora los hechos y las verdaderas ra\u00edces de la crisis, y niega el papel de los estados patrocinadores del terrorismo, que son la causa principal de la propagaci\u00f3n del terrorismo y la profundizaci\u00f3n de sus secuelas sobre los ni\u00f1os sirios, especialmente su reclutamiento por parte de las organizaciones terroristas, sean \u201cmoderadas\u201d o radicales.<\/span><\/div>\n<div><\/div>\n<div><span lang=\"ES-TRAD\">\u201cPor desgracia, lo que hemos visto durante los \u00faltimos a\u00f1os, y a pesar de la estrecha cooperaci\u00f3n del gobierno sirio con la Representante Especial del Secretario General de las Naciones Unidas, Leila Zerrougui, es una sospechosa ignorancia de la Representante y de su oficina respecto a decenas de documentos y evidencias enviadas por el gobierno sirio, que refutan el conjunto de alegaciones y denuncias mencionadas en este informe o en sus predecesores\u201d, explic\u00f3 al-Jaafari.<\/span><\/div>\n<div><\/div>\n<div><span lang=\"ES-TRAD\">Asimismo, enfatiz\u00f3 que el gobierno sirio hab\u00eda enviado listas con los nombres de los ni\u00f1os que fueron asesinados, y con las escuelas y los hospitales que fueron atacados por los terroristas, y envi\u00f3 todo detalle sea peque\u00f1o o grande en relaci\u00f3n con la competencia de la Representante Especial, as\u00ed como la suministr\u00f3 con miles de actos documentados con fechas, lugares y nombres, que han sido perpetrados por los terroristas de las bandas armadas contra los ni\u00f1os en Siria desde que comenz\u00f3 la crisis.<\/span><\/div>\n<div><\/div>\n<div><span lang=\"ES-TRAD\">Jaafari indic\u00f3 que los diferentes grupos terroristas armados apoyados pol\u00edtica y medi\u00e1ticamente, lograron sembrar ideas extremistas e inhumanas en la mente de los ni\u00f1os sirios despu\u00e9s secuestrarlos de sus padres y adoctrinarlos con ideas criminales a trav\u00e9s del desarrollo de un &#8220;sistema de ense\u00f1anza wahabita y takfirista&#8221; que responde a su empleo criminal de la religi\u00f3n isl\u00e1mica.<\/span><\/div>\n<div><\/div>\n<div><span lang=\"ES-TRAD\">El diplom\u00e1tico sirio resalt\u00f3 que &#8220;el gobierno sirio sigue desempe\u00f1ando todos los esfuerzos posibles y emplea todos los recursos para proteger a los ni\u00f1os sirios de la ideolog\u00eda extremista y terrorista\u201d, revelando que el gobierno logr\u00f3 la reapertura de 207 escuelas en el campo de Hassakeh despu\u00e9s de recuperarlas de las organizaciones terroristas.<\/span><\/div>\n<div><\/div>\n<div><span lang=\"ES-TRAD\">\u201cM\u00e1s de 532 escuelas siguen cerradas en el sur de Hassakeh por parte de los terroristas del Estado Isl\u00e1micos que utilizan las escuelas como sedes para ellos y centros para almacenar las armas\u201d, precis\u00f3.<\/span><\/div>\n<div><\/div>\n<div><span lang=\"ES-TRAD\">Por \u00faltimo, el delegado sirio hizo alusi\u00f3n a la ca\u00edda de m\u00e1s de siete mil proyectiles de mortero y cohetes sobre los barrios de Damasco y Alepo, en los \u00faltimos dos d\u00edas y dijo: &#8220;Esta cifra puede ser \u00fatil para la delegada de Luxemburgo para que mejore su conocimiento un poco acerca de lo que est\u00e1 sucediendo en mi pa\u00eds Siria&#8221;.<\/span><\/div>\n","protected":false},"excerpt":{"rendered":"<p>Nueva York, SANA El Delegado Permanente de Siria ante las Naciones Unidas, Dr. Bashar al-Jaafari, reafirm\u00f3 la necesidad de que se ponga fin a las pol\u00edticas de los gobiernos patrocinadores del terrorismo, y que algunos miembros del Consejo de Seguridad adopten medidas eficaces para rendir cuentas a los gobiernos de esos pa\u00edses. Durante una sesi\u00f3n &hellip;<\/p>\n","protected":false},"author":24,"featured_media":25288,"comment_status":"closed","ping_status":"closed","sticky":false,"template":"","format":"standard","meta":{"footnotes":""},"categories":[456,457,576],"tags":[],"class_list":["post-25287","post","type-post","status-publish","format-standard","has-post-thumbnail","","category-arabe-internacional-politica","category-noticias-arabe-internacional-politica","category-noticias-politicas"],"_links":{"self":[{"href":"https:\/\/archive.sana.sy\/es\/index.php?rest_route=\/wp\/v2\/posts\/25287"}],"collection":[{"href":"https:\/\/archive.sana.sy\/es\/index.php?rest_route=\/wp\/v2\/posts"}],"about":[{"href":"https:\/\/archive.sana.sy\/es\/index.php?rest_route=\/wp\/v2\/types\/post"}],"author":[{"embeddable":true,"href":"https:\/\/archive.sana.sy\/es\/index.php?rest_route=\/wp\/v2\/users\/24"}],"replies":[{"embeddable":true,"href":"https:\/\/archive.sana.sy\/es\/index.php?rest_route=%2Fwp%2Fv2%2Fcomments&post=25287"}],"version-history":[{"count":0,"href":"https:\/\/archive.sana.sy\/es\/index.php?rest_route=\/wp\/v2\/posts\/25287\/revisions"}],"wp:featuredmedia":[{"embeddable":true,"href":"https:\/\/archive.sana.sy\/es\/index.php?rest_route=\/wp\/v2\/media\/25288"}],"wp:attachment":[{"href":"https:\/\/archive.sana.sy\/es\/index.php?rest_route=%2Fwp%2Fv2%2Fmedia&parent=25287"}],"wp:term":[{"taxonomy":"category","embeddable":true,"href":"https:\/\/archive.sana.sy\/es\/index.php?rest_route=%2Fwp%2Fv2%2Fcategories&post=25287"},{"taxonomy":"post_tag","embeddable":true,"href":"https:\/\/archive.sana.sy\/es\/index.php?rest_route=%2Fwp%2Fv2%2Ftags&post=25287"}],"curies":[{"name":"wp","href":"https:\/\/api.w.org\/{rel}","templated":true}]}}