{"id":252876,"date":"2022-09-15T17:35:26","date_gmt":"2022-09-15T14:35:26","guid":{"rendered":"http:\/\/107.6.182.27\/es\/?p=252876"},"modified":"2022-09-15T17:35:26","modified_gmt":"2022-09-15T14:35:26","slug":"la-21a-conferencia-cientifica-internacional-de-dentistas-se-inaugura-en-damasco-fotos","status":"publish","type":"post","link":"https:\/\/archive.sana.sy\/es\/?p=252876","title":{"rendered":"La 21\u00aa Conferencia Cient\u00edfica Internacional de Dentistas se inaugura en Damasco (+fotos)"},"content":{"rendered":"<p style=\"text-align: justify;\"><span style=\"color: #800000;\"><strong>Damasco, 15 sep (SANA)<\/strong><\/span> Con una participaci\u00f3n \u00e1rabe e internacional, la vig\u00e9simo primera Conferencia Cient\u00edfica Internacional de Dentistas comenz\u00f3 en esta capital.<\/p>\n<p style=\"text-align: justify;\">Durante el discurso de apertura, el ministro de Salud, Hasan al-Ghabash, explic\u00f3 que su ministerio est\u00e1 interesado en la comunicaci\u00f3n continua con los sindicatos m\u00e9dicos para elevar el nivel pr\u00e1ctico y cient\u00edfico de los m\u00e9dicos.<\/p>\n<p style=\"text-align: justify;\">El Titular indic\u00f3 que este evento cient\u00edfico con los cursos de capacitaci\u00f3n que lo acompa\u00f1an es uno de los medios para mejorar el conocimiento profesional y la investigaci\u00f3n cient\u00edfica.<\/p>\n<p style=\"text-align: justify;\">Al respecto, destac\u00f3 que, a pesar de los obst\u00e1culos y las sanciones, Siria busca nuevas ideas para enriquecer el trabajo, mejorar el desempe\u00f1o y elevar el nivel de la salud comunitaria y mejorar los indicadores de la salud p\u00fablica.<\/p>\n<p style=\"text-align: justify;\">\u201cEl Ministerio presta servicios de odontolog\u00eda de forma gratuita a pesar de sus altos costos a trav\u00e9s de 727 cl\u00ednicas, adem\u00e1s de los centros especializados que brindan tratamientos especializados que durante el primer semestre de este a\u00f1o superaron los 240 mil servicios. En cambio el n\u00famero de servicios prestados en hospitales privados alcanz\u00f3 tan solo la cifra de 34 mil servicios durante el mismo per\u00edodo\u201d, detall\u00f3 el Titular.<\/p>\n<p style=\"text-align: justify;\">El jefe del Sindicato Dental Zakaria Al-Basha se\u00f1al\u00f3 que la conferencia se centran en la odontolog\u00eda cosm\u00e9tica y preventiva, implantes dentales, pr\u00f3tesis fijas, anatom\u00eda patol\u00f3gica, ortodoncia, usos del l\u00e1ser, cirug\u00eda oral y maxilofacial, curaci\u00f3n reconstructiva y odontolog\u00eda forense, entre otros.<\/p>\n<p style=\"text-align: justify;\">\u201cAlgunos seminarios ser\u00e1n en l\u00ednea acompa\u00f1adas de un conjunto de talleres cient\u00edficos y cursos de capacitaci\u00f3n que destacan los \u00faltimos materiales y equipos en el campo de la odontolog\u00eda\u201d, subray\u00f3 el sindicalista.<\/p>\n<p style=\"text-align: justify;\">La conferencia dura tres d\u00edas y al margen de la misma se lleva a cabo una exposici\u00f3n de equipos m\u00e9dicos y dentales fabricados por una serie de empresas locales especializadas en equipos m\u00e9dicos dentales y materiales de tratamiento.<\/p>\n<p style=\"text-align: justify;\"><em><strong>ah\/rsh<\/strong><\/em><\/p>\n<div id='gallery-1' class='gallery galleryid-252876 gallery-columns-1 gallery-size-full'><figure class='gallery-item'>\n\t\t\t<div class='gallery-icon landscape'>\n\t\t\t\t<a href='https:\/\/archive.sana.sy\/es\/wp-content\/uploads\/2022\/09\/WAS7527-scaled.jpg'><img loading=\"lazy\" decoding=\"async\" width=\"2560\" height=\"1707\" src=\"https:\/\/archive.sana.sy\/es\/wp-content\/uploads\/2022\/09\/WAS7527-scaled.jpg\" class=\"attachment-full size-full\" alt=\"\" srcset=\"https:\/\/archive.sana.sy\/es\/wp-content\/uploads\/2022\/09\/WAS7527-scaled.jpg 2560w, https:\/\/archive.sana.sy\/es\/wp-content\/uploads\/2022\/09\/WAS7527-300x200.jpg 300w, https:\/\/archive.sana.sy\/es\/wp-content\/uploads\/2022\/09\/WAS7527-1024x683.jpg 1024w, https:\/\/archive.sana.sy\/es\/wp-content\/uploads\/2022\/09\/WAS7527-150x100.jpg 150w, https:\/\/archive.sana.sy\/es\/wp-content\/uploads\/2022\/09\/WAS7527-768x512.jpg 768w, https:\/\/archive.sana.sy\/es\/wp-content\/uploads\/2022\/09\/WAS7527-1536x1024.jpg 1536w, https:\/\/archive.sana.sy\/es\/wp-content\/uploads\/2022\/09\/WAS7527-2048x1365.jpg 2048w\" sizes=\"(max-width: 2560px) 100vw, 2560px\" \/><\/a>\n\t\t\t<\/div><\/figure><figure class='gallery-item'>\n\t\t\t<div class='gallery-icon landscape'>\n\t\t\t\t<a href='https:\/\/archive.sana.sy\/es\/wp-content\/uploads\/2022\/09\/WAS7528-scaled.jpg'><img loading=\"lazy\" decoding=\"async\" width=\"2560\" height=\"1707\" src=\"https:\/\/archive.sana.sy\/es\/wp-content\/uploads\/2022\/09\/WAS7528-scaled.jpg\" class=\"attachment-full size-full\" alt=\"\" srcset=\"https:\/\/archive.sana.sy\/es\/wp-content\/uploads\/2022\/09\/WAS7528-scaled.jpg 2560w, https:\/\/archive.sana.sy\/es\/wp-content\/uploads\/2022\/09\/WAS7528-300x200.jpg 300w, https:\/\/archive.sana.sy\/es\/wp-content\/uploads\/2022\/09\/WAS7528-1024x683.jpg 1024w, https:\/\/archive.sana.sy\/es\/wp-content\/uploads\/2022\/09\/WAS7528-150x100.jpg 150w, https:\/\/archive.sana.sy\/es\/wp-content\/uploads\/2022\/09\/WAS7528-768x512.jpg 768w, https:\/\/archive.sana.sy\/es\/wp-content\/uploads\/2022\/09\/WAS7528-1536x1024.jpg 1536w, https:\/\/archive.sana.sy\/es\/wp-content\/uploads\/2022\/09\/WAS7528-2048x1365.jpg 2048w\" sizes=\"(max-width: 2560px) 100vw, 2560px\" \/><\/a>\n\t\t\t<\/div><\/figure><figure class='gallery-item'>\n\t\t\t<div class='gallery-icon landscape'>\n\t\t\t\t<a href='https:\/\/archive.sana.sy\/es\/wp-content\/uploads\/2022\/09\/WAS7536-scaled.jpg'><img loading=\"lazy\" decoding=\"async\" width=\"2560\" height=\"1707\" src=\"https:\/\/archive.sana.sy\/es\/wp-content\/uploads\/2022\/09\/WAS7536-scaled.jpg\" class=\"attachment-full size-full\" alt=\"\" srcset=\"https:\/\/archive.sana.sy\/es\/wp-content\/uploads\/2022\/09\/WAS7536-scaled.jpg 2560w, https:\/\/archive.sana.sy\/es\/wp-content\/uploads\/2022\/09\/WAS7536-300x200.jpg 300w, https:\/\/archive.sana.sy\/es\/wp-content\/uploads\/2022\/09\/WAS7536-1024x683.jpg 1024w, https:\/\/archive.sana.sy\/es\/wp-content\/uploads\/2022\/09\/WAS7536-150x100.jpg 150w, https:\/\/archive.sana.sy\/es\/wp-content\/uploads\/2022\/09\/WAS7536-768x512.jpg 768w, https:\/\/archive.sana.sy\/es\/wp-content\/uploads\/2022\/09\/WAS7536-1536x1024.jpg 1536w, https:\/\/archive.sana.sy\/es\/wp-content\/uploads\/2022\/09\/WAS7536-2048x1365.jpg 2048w\" sizes=\"(max-width: 2560px) 100vw, 2560px\" \/><\/a>\n\t\t\t<\/div><\/figure><figure class='gallery-item'>\n\t\t\t<div class='gallery-icon landscape'>\n\t\t\t\t<a href='https:\/\/archive.sana.sy\/es\/wp-content\/uploads\/2022\/09\/WAS7538-scaled.jpg'><img loading=\"lazy\" decoding=\"async\" width=\"2560\" height=\"1707\" src=\"https:\/\/archive.sana.sy\/es\/wp-content\/uploads\/2022\/09\/WAS7538-scaled.jpg\" class=\"attachment-full size-full\" alt=\"\" srcset=\"https:\/\/archive.sana.sy\/es\/wp-content\/uploads\/2022\/09\/WAS7538-scaled.jpg 2560w, https:\/\/archive.sana.sy\/es\/wp-content\/uploads\/2022\/09\/WAS7538-300x200.jpg 300w, https:\/\/archive.sana.sy\/es\/wp-content\/uploads\/2022\/09\/WAS7538-1024x683.jpg 1024w, https:\/\/archive.sana.sy\/es\/wp-content\/uploads\/2022\/09\/WAS7538-150x100.jpg 150w, https:\/\/archive.sana.sy\/es\/wp-content\/uploads\/2022\/09\/WAS7538-768x512.jpg 768w, https:\/\/archive.sana.sy\/es\/wp-content\/uploads\/2022\/09\/WAS7538-1536x1024.jpg 1536w, https:\/\/archive.sana.sy\/es\/wp-content\/uploads\/2022\/09\/WAS7538-2048x1365.jpg 2048w\" sizes=\"(max-width: 2560px) 100vw, 2560px\" \/><\/a>\n\t\t\t<\/div><\/figure><figure class='gallery-item'>\n\t\t\t<div class='gallery-icon landscape'>\n\t\t\t\t<a href='https:\/\/archive.sana.sy\/es\/wp-content\/uploads\/2022\/09\/WAS7542-scaled.jpg'><img loading=\"lazy\" decoding=\"async\" width=\"2560\" height=\"1707\" src=\"https:\/\/archive.sana.sy\/es\/wp-content\/uploads\/2022\/09\/WAS7542-scaled.jpg\" class=\"attachment-full size-full\" alt=\"\" srcset=\"https:\/\/archive.sana.sy\/es\/wp-content\/uploads\/2022\/09\/WAS7542-scaled.jpg 2560w, https:\/\/archive.sana.sy\/es\/wp-content\/uploads\/2022\/09\/WAS7542-300x200.jpg 300w, https:\/\/archive.sana.sy\/es\/wp-content\/uploads\/2022\/09\/WAS7542-1024x683.jpg 1024w, https:\/\/archive.sana.sy\/es\/wp-content\/uploads\/2022\/09\/WAS7542-150x100.jpg 150w, https:\/\/archive.sana.sy\/es\/wp-content\/uploads\/2022\/09\/WAS7542-768x512.jpg 768w, https:\/\/archive.sana.sy\/es\/wp-content\/uploads\/2022\/09\/WAS7542-1536x1024.jpg 1536w, https:\/\/archive.sana.sy\/es\/wp-content\/uploads\/2022\/09\/WAS7542-2048x1365.jpg 2048w\" sizes=\"(max-width: 2560px) 100vw, 2560px\" \/><\/a>\n\t\t\t<\/div><\/figure><figure class='gallery-item'>\n\t\t\t<div class='gallery-icon landscape'>\n\t\t\t\t<a href='https:\/\/archive.sana.sy\/es\/wp-content\/uploads\/2022\/09\/WAS7556-scaled.jpg'><img loading=\"lazy\" decoding=\"async\" width=\"2560\" height=\"1707\" src=\"https:\/\/archive.sana.sy\/es\/wp-content\/uploads\/2022\/09\/WAS7556-scaled.jpg\" class=\"attachment-full size-full\" alt=\"\" srcset=\"https:\/\/archive.sana.sy\/es\/wp-content\/uploads\/2022\/09\/WAS7556-scaled.jpg 2560w, https:\/\/archive.sana.sy\/es\/wp-content\/uploads\/2022\/09\/WAS7556-300x200.jpg 300w, https:\/\/archive.sana.sy\/es\/wp-content\/uploads\/2022\/09\/WAS7556-1024x683.jpg 1024w, https:\/\/archive.sana.sy\/es\/wp-content\/uploads\/2022\/09\/WAS7556-150x100.jpg 150w, https:\/\/archive.sana.sy\/es\/wp-content\/uploads\/2022\/09\/WAS7556-768x512.jpg 768w, https:\/\/archive.sana.sy\/es\/wp-content\/uploads\/2022\/09\/WAS7556-1536x1024.jpg 1536w, https:\/\/archive.sana.sy\/es\/wp-content\/uploads\/2022\/09\/WAS7556-2048x1365.jpg 2048w\" sizes=\"(max-width: 2560px) 100vw, 2560px\" \/><\/a>\n\t\t\t<\/div><\/figure><figure class='gallery-item'>\n\t\t\t<div class='gallery-icon landscape'>\n\t\t\t\t<a href='https:\/\/archive.sana.sy\/es\/wp-content\/uploads\/2022\/09\/WAS7584-scaled.jpg'><img loading=\"lazy\" decoding=\"async\" width=\"2560\" height=\"1707\" src=\"https:\/\/archive.sana.sy\/es\/wp-content\/uploads\/2022\/09\/WAS7584-scaled.jpg\" class=\"attachment-full size-full\" alt=\"\" srcset=\"https:\/\/archive.sana.sy\/es\/wp-content\/uploads\/2022\/09\/WAS7584-scaled.jpg 2560w, https:\/\/archive.sana.sy\/es\/wp-content\/uploads\/2022\/09\/WAS7584-300x200.jpg 300w, https:\/\/archive.sana.sy\/es\/wp-content\/uploads\/2022\/09\/WAS7584-1024x683.jpg 1024w, https:\/\/archive.sana.sy\/es\/wp-content\/uploads\/2022\/09\/WAS7584-150x100.jpg 150w, https:\/\/archive.sana.sy\/es\/wp-content\/uploads\/2022\/09\/WAS7584-768x512.jpg 768w, https:\/\/archive.sana.sy\/es\/wp-content\/uploads\/2022\/09\/WAS7584-1536x1024.jpg 1536w, https:\/\/archive.sana.sy\/es\/wp-content\/uploads\/2022\/09\/WAS7584-2048x1365.jpg 2048w\" sizes=\"(max-width: 2560px) 100vw, 2560px\" \/><\/a>\n\t\t\t<\/div><\/figure><figure class='gallery-item'>\n\t\t\t<div class='gallery-icon landscape'>\n\t\t\t\t<a href='https:\/\/archive.sana.sy\/es\/wp-content\/uploads\/2022\/09\/WAS7586-scaled.jpg'><img loading=\"lazy\" decoding=\"async\" width=\"2560\" height=\"1659\" src=\"https:\/\/archive.sana.sy\/es\/wp-content\/uploads\/2022\/09\/WAS7586-scaled.jpg\" class=\"attachment-full size-full\" alt=\"\" srcset=\"https:\/\/archive.sana.sy\/es\/wp-content\/uploads\/2022\/09\/WAS7586-scaled.jpg 2560w, https:\/\/archive.sana.sy\/es\/wp-content\/uploads\/2022\/09\/WAS7586-300x194.jpg 300w, https:\/\/archive.sana.sy\/es\/wp-content\/uploads\/2022\/09\/WAS7586-1024x664.jpg 1024w, https:\/\/archive.sana.sy\/es\/wp-content\/uploads\/2022\/09\/WAS7586-150x97.jpg 150w, https:\/\/archive.sana.sy\/es\/wp-content\/uploads\/2022\/09\/WAS7586-768x498.jpg 768w, https:\/\/archive.sana.sy\/es\/wp-content\/uploads\/2022\/09\/WAS7586-1536x995.jpg 1536w, https:\/\/archive.sana.sy\/es\/wp-content\/uploads\/2022\/09\/WAS7586-2048x1327.jpg 2048w\" sizes=\"(max-width: 2560px) 100vw, 2560px\" \/><\/a>\n\t\t\t<\/div><\/figure>\n\t\t<\/div>\n\n","protected":false},"excerpt":{"rendered":"<p>Damasco, 15 sep (SANA) Con una participaci\u00f3n \u00e1rabe e internacional, la vig\u00e9simo primera Conferencia Cient\u00edfica Internacional de Dentistas comenz\u00f3 en esta capital. Durante el discurso de apertura, el ministro de Salud, Hasan al-Ghabash, explic\u00f3 que su ministerio est\u00e1 interesado en la comunicaci\u00f3n continua con los sindicatos m\u00e9dicos para elevar el nivel pr\u00e1ctico y cient\u00edfico de &hellip;<\/p>\n","protected":false},"author":30,"featured_media":252888,"comment_status":"closed","ping_status":"closed","sticky":false,"template":"","format":"standard","meta":{"footnotes":""},"categories":[597,20724,476,7541],"tags":[19963,20848,6553],"class_list":["post-252876","post","type-post","status-publish","format-standard","has-post-thumbnail","","category-cinta-de-noticias","category-minuto-a-minuto","category-locales","category-ultimas-noticias","tag-conferencia","tag-odontologia","tag-siria"],"_links":{"self":[{"href":"https:\/\/archive.sana.sy\/es\/index.php?rest_route=\/wp\/v2\/posts\/252876"}],"collection":[{"href":"https:\/\/archive.sana.sy\/es\/index.php?rest_route=\/wp\/v2\/posts"}],"about":[{"href":"https:\/\/archive.sana.sy\/es\/index.php?rest_route=\/wp\/v2\/types\/post"}],"author":[{"embeddable":true,"href":"https:\/\/archive.sana.sy\/es\/index.php?rest_route=\/wp\/v2\/users\/30"}],"replies":[{"embeddable":true,"href":"https:\/\/archive.sana.sy\/es\/index.php?rest_route=%2Fwp%2Fv2%2Fcomments&post=252876"}],"version-history":[{"count":0,"href":"https:\/\/archive.sana.sy\/es\/index.php?rest_route=\/wp\/v2\/posts\/252876\/revisions"}],"wp:featuredmedia":[{"embeddable":true,"href":"https:\/\/archive.sana.sy\/es\/index.php?rest_route=\/wp\/v2\/media\/252888"}],"wp:attachment":[{"href":"https:\/\/archive.sana.sy\/es\/index.php?rest_route=%2Fwp%2Fv2%2Fmedia&parent=252876"}],"wp:term":[{"taxonomy":"category","embeddable":true,"href":"https:\/\/archive.sana.sy\/es\/index.php?rest_route=%2Fwp%2Fv2%2Fcategories&post=252876"},{"taxonomy":"post_tag","embeddable":true,"href":"https:\/\/archive.sana.sy\/es\/index.php?rest_route=%2Fwp%2Fv2%2Ftags&post=252876"}],"curies":[{"name":"wp","href":"https:\/\/api.w.org\/{rel}","templated":true}]}}