{"id":252896,"date":"2022-09-15T19:02:42","date_gmt":"2022-09-15T16:02:42","guid":{"rendered":"http:\/\/107.6.182.27\/es\/?p=252896"},"modified":"2022-09-15T19:14:31","modified_gmt":"2022-09-15T16:14:31","slug":"siria-e-irak-destacan-importancia-de-fortalecer-la-coordinacion-frente-a-desafios-comunes","status":"publish","type":"post","link":"https:\/\/archive.sana.sy\/es\/?p=252896","title":{"rendered":"Siria e Irak destacan importancia de fortalecer la coordinaci\u00f3n frente a desaf\u00edos comunes"},"content":{"rendered":"<p style=\"text-align: justify;\"><strong>Damasco, 15 sep (SANA)\u00a0 \u00a0<\/strong>El ministro de Exteriores y Expatriados, Faisal al-Mekdad ratific\u00f3 la importancia de intensificar las consultas y la coordinaci\u00f3n entre Siria y el Irak frente a los nuevos desaf\u00edos.<\/p>\n<p style=\"text-align: justify;\">Durante su reuni\u00f3n con los ministros de Recursos H\u00eddricos, Mahdi al-Hamdani, y de Medio Ambiente de Irak, Jasem al-Falahi, en presencia de Tammam Raad, ministro de Recursos H\u00eddricos de Siria, se examinaron las relaciones bilaterales entre los dos pa\u00edses hermanos y los desaf\u00edos comunes.<\/p>\n<p style=\"text-align: justify;\">El Canciller present\u00f3 pr\u00e1cticas inaceptables de la ocupaci\u00f3n turca como cortar el agua potable a los ciudadanos sirios en la provincia de Hasakeh, y la reducci\u00f3n del flujo del r\u00edo \u00c9ufrates hacia Siria e Irak que son pa\u00edses de paso y estuario.<\/p>\n<p style=\"text-align: justify;\">Al respecto, subray\u00f3 que la parte turca viola todos los acuerdos internacionales relacionados con este tema, especialmente los acuerdos bilaterales que estipulan mantener los niveles acordados de agua en el r\u00edo \u00c9ufrates.<\/p>\n<p style=\"text-align: justify;\">Asimismo, el Titular advirti\u00f3 de la grave situaci\u00f3n actual en t\u00e9rminos de consecuencias de los cortes de agua en grandes \u00e1reas de Siria e Irak y las repercusiones de esto en la salud, el medio ambiente, la agricultura, el saneamiento, la higiene y otros.<\/p>\n<p style=\"text-align: justify;\">Por su parte, el ministro iraqu\u00ed de Recursos H\u00eddricos, Mahdi al-Hamdani, resalt\u00f3 la importancia de esta visita a Siria para participar en la reuni\u00f3n conjunta sirio-iraqu\u00ed para lanzar la novena fase del programa hidrol\u00f3gico intergubernamental.<\/p>\n<p style=\"text-align: justify;\">Adem\u00e1s, al-Hamdani indic\u00f3 la importancia de consolidar la cooperaci\u00f3n entre ambos pa\u00edses en el campo de los recursos h\u00eddricos, debido a su importancia para la agricultura de la que dependen grandes sectores de poblaci\u00f3n en los dos pa\u00edses hermanos.<\/p>\n<p style=\"text-align: justify;\">A su vez, el ministro iraqu\u00ed de Medio Ambiente, destac\u00f3 la necesidad de coordinaci\u00f3n entre los dos pa\u00edses para hacer frente a las repercusiones negativas del cambio clim\u00e1tico, en las que la escasez de agua es un problemas esencial.<\/p>\n<p style=\"text-align: justify;\">El Titular iraqu\u00ed expres\u00f3 adem\u00e1s su satisfacci\u00f3n con el nivel de cooperaci\u00f3n entre Siria e Irak y subray\u00f3 la orientaci\u00f3n de su pa\u00eds hacia las energ\u00edas renovables y la adopci\u00f3n de una estrategia nacional para enfrentar el cambio clim\u00e1tico.<\/p>\n<p style=\"text-align: justify;\">\u201cLa cooperaci\u00f3n sirio-iraqu\u00ed resolver\u00e1 algunos de los problemas ambientales que enfrentan ambas partes\u201d, expres\u00f3.<\/p>\n<p style=\"text-align: justify;\">Durante la reuni\u00f3n, se revisaron los desaf\u00edos relacionados con la seguridad h\u00eddrica \u00e1rabe y los proyectos hostiles cuyo fin es presionar a los pa\u00edses \u00e1rabes para que sirvan a agendas hostiles.<\/p>\n<p style=\"text-align: justify;\">rsh\/ah<\/p>\n","protected":false},"excerpt":{"rendered":"<p>Damasco, 15 sep (SANA)\u00a0 \u00a0El ministro de Exteriores y Expatriados, Faisal al-Mekdad ratific\u00f3 la importancia de intensificar las consultas y la coordinaci\u00f3n entre Siria y el Irak frente a los nuevos desaf\u00edos. Durante su reuni\u00f3n con los ministros de Recursos H\u00eddricos, Mahdi al-Hamdani, y de Medio Ambiente de Irak, Jasem al-Falahi, en presencia de Tammam &hellip;<\/p>\n","protected":false},"author":39,"featured_media":252900,"comment_status":"closed","ping_status":"closed","sticky":false,"template":"","format":"standard","meta":{"footnotes":""},"categories":[597,467,583],"tags":[20261,11127,20391,7023,6553],"class_list":["post-252896","post","type-post","status-publish","format-standard","has-post-thumbnail","","category-cinta-de-noticias","category-siria-y-el-mundo","category-slide","tag-coordinacion","tag-faisal-al-mekdad","tag-fortalecer","tag-irak","tag-siria"],"_links":{"self":[{"href":"https:\/\/archive.sana.sy\/es\/index.php?rest_route=\/wp\/v2\/posts\/252896"}],"collection":[{"href":"https:\/\/archive.sana.sy\/es\/index.php?rest_route=\/wp\/v2\/posts"}],"about":[{"href":"https:\/\/archive.sana.sy\/es\/index.php?rest_route=\/wp\/v2\/types\/post"}],"author":[{"embeddable":true,"href":"https:\/\/archive.sana.sy\/es\/index.php?rest_route=\/wp\/v2\/users\/39"}],"replies":[{"embeddable":true,"href":"https:\/\/archive.sana.sy\/es\/index.php?rest_route=%2Fwp%2Fv2%2Fcomments&post=252896"}],"version-history":[{"count":0,"href":"https:\/\/archive.sana.sy\/es\/index.php?rest_route=\/wp\/v2\/posts\/252896\/revisions"}],"wp:featuredmedia":[{"embeddable":true,"href":"https:\/\/archive.sana.sy\/es\/index.php?rest_route=\/wp\/v2\/media\/252900"}],"wp:attachment":[{"href":"https:\/\/archive.sana.sy\/es\/index.php?rest_route=%2Fwp%2Fv2%2Fmedia&parent=252896"}],"wp:term":[{"taxonomy":"category","embeddable":true,"href":"https:\/\/archive.sana.sy\/es\/index.php?rest_route=%2Fwp%2Fv2%2Fcategories&post=252896"},{"taxonomy":"post_tag","embeddable":true,"href":"https:\/\/archive.sana.sy\/es\/index.php?rest_route=%2Fwp%2Fv2%2Ftags&post=252896"}],"curies":[{"name":"wp","href":"https:\/\/api.w.org\/{rel}","templated":true}]}}