{"id":25290,"date":"2015-06-19T14:40:22","date_gmt":"2015-06-19T11:40:22","guid":{"rendered":"http:\/\/www.sana.sy\/es\/?p=25290"},"modified":"2015-06-20T13:37:40","modified_gmt":"2015-06-20T10:37:40","slug":"ejercito-mata-a-20-terroristas-en-khan-al-shij-y-destruye-sedes-de-terroristas-en-el-campo-nordeste-de-sweida","status":"publish","type":"post","link":"https:\/\/archive.sana.sy\/es\/?p=25290","title":{"rendered":"Ej\u00e9rcito mata a 20 terroristas en Khan al-Shij y destruye sedes de terroristas en el campo nordeste de Sweida"},"content":{"rendered":"<div><span lang=\"ES-TRAD\" style=\"color: #800000\">Provincias, SANA<\/span><\/div>\n<div><\/div>\n<div><span lang=\"ES-TRAD\">Las Fuerzas Armadas han continuado sus operaciones militares antiterroristas en las zonas donde se atrincheran las organizaciones terroristas.<\/span><\/div>\n<div><\/div>\n<div><span lang=\"ES-TRAD\" style=\"color: #0000ff\">Damasco campo<\/span><\/div>\n<div><\/div>\n<div><span lang=\"ES-TRAD\">En la localidad de Khan al-Shij al sur de Damasco, una unidad del ej\u00e9rcito mat\u00f3 a 20 terroristas en un ataque a\u00e9reo contra su sede en las granjas que rodean la mencionada localidad.<\/span><\/div>\n<div><\/div>\n<div><span lang=\"ES-TRAD\" style=\"color: #0000ff\">Sweida<\/span><\/div>\n<div><\/div>\n<div><span lang=\"ES-TRAD\">En el campo nordeste de Sweida, una escuadra del ej\u00e9rcito bombarde\u00f3 con artillar\u00eda y misiles a las sedes de los terroristas al oeste de la colina de Banat Baer, destruy\u00e9ndoles plataformas para el lanzamiento de cohetes y de proyectiles de mortero.<\/span><\/div>\n<div><\/div>\n<div><span lang=\"ES-TRAD\" style=\"color: #0000ff\">Deraa<\/span><\/div>\n<div><\/div>\n<div><span lang=\"ES-TRAD\">En el sur del pa\u00eds, una fuente militar inform\u00f3 que destacamentos militares eliminaron a los integrantes de una banda terrorista que intentaron infiltrarse desde el poblado de al-Musayfirah hacia la colina de Sheikh Hussein, en el campo de Deraa.<\/span><\/div>\n<div><\/div>\n<div><span lang=\"ES-TRAD\" style=\"color: #0000ff\">Quneitra<\/span><\/div>\n<div><\/div>\n<div><span lang=\"ES-TRAD\">Los operativos antiterroristas del ej\u00e9rcito abarcaron tambi\u00e9n el campo de la provincia de Quneitra donde unidades militares acabaron con numerosos integrantes de la organizaci\u00f3n terrorista del Frente al-Nousra y destruy\u00f3 su armamento y sus veh\u00edculos en los poblados de Hamiddieh, Yabbata al-Khashab.<\/span><\/div>\n<div class=\"yj6qo ajU\">\n<div id=\":k5\" class=\"ajR\"><img decoding=\"async\" class=\"ajT\" src=\"https:\/\/ssl.gstatic.com\/ui\/v1\/icons\/mail\/images\/cleardot.gif\" alt=\"\" \/><\/div>\n<\/div>\n<div class=\"ajR\">Fady M., Hala B.<\/div>\n","protected":false},"excerpt":{"rendered":"<p>Provincias, SANA Las Fuerzas Armadas han continuado sus operaciones militares antiterroristas en las zonas donde se atrincheran las organizaciones terroristas. Damasco campo En la localidad de Khan al-Shij al sur de Damasco, una unidad del ej\u00e9rcito mat\u00f3 a 20 terroristas en un ataque a\u00e9reo contra su sede en las granjas que rodean la mencionada localidad. &hellip;<\/p>\n","protected":false},"author":24,"featured_media":25291,"comment_status":"closed","ping_status":"closed","sticky":false,"template":"","format":"standard","meta":{"footnotes":""},"categories":[573],"tags":[],"class_list":["post-25290","post","type-post","status-publish","format-standard","has-post-thumbnail","","category-la-realidad-de-los-acontecimientos-en-siria"],"_links":{"self":[{"href":"https:\/\/archive.sana.sy\/es\/index.php?rest_route=\/wp\/v2\/posts\/25290"}],"collection":[{"href":"https:\/\/archive.sana.sy\/es\/index.php?rest_route=\/wp\/v2\/posts"}],"about":[{"href":"https:\/\/archive.sana.sy\/es\/index.php?rest_route=\/wp\/v2\/types\/post"}],"author":[{"embeddable":true,"href":"https:\/\/archive.sana.sy\/es\/index.php?rest_route=\/wp\/v2\/users\/24"}],"replies":[{"embeddable":true,"href":"https:\/\/archive.sana.sy\/es\/index.php?rest_route=%2Fwp%2Fv2%2Fcomments&post=25290"}],"version-history":[{"count":0,"href":"https:\/\/archive.sana.sy\/es\/index.php?rest_route=\/wp\/v2\/posts\/25290\/revisions"}],"wp:featuredmedia":[{"embeddable":true,"href":"https:\/\/archive.sana.sy\/es\/index.php?rest_route=\/wp\/v2\/media\/25291"}],"wp:attachment":[{"href":"https:\/\/archive.sana.sy\/es\/index.php?rest_route=%2Fwp%2Fv2%2Fmedia&parent=25290"}],"wp:term":[{"taxonomy":"category","embeddable":true,"href":"https:\/\/archive.sana.sy\/es\/index.php?rest_route=%2Fwp%2Fv2%2Fcategories&post=25290"},{"taxonomy":"post_tag","embeddable":true,"href":"https:\/\/archive.sana.sy\/es\/index.php?rest_route=%2Fwp%2Fv2%2Ftags&post=25290"}],"curies":[{"name":"wp","href":"https:\/\/api.w.org\/{rel}","templated":true}]}}