{"id":252923,"date":"2022-09-15T21:00:44","date_gmt":"2022-09-15T18:00:44","guid":{"rendered":"http:\/\/107.6.182.27\/es\/?p=252923"},"modified":"2023-01-10T15:53:07","modified_gmt":"2023-01-10T13:53:07","slug":"la-ue-registra-el-mayor-deficit-comercial-en-mas-de-20-anos","status":"publish","type":"post","link":"https:\/\/archive.sana.sy\/es\/?p=252923","title":{"rendered":"La UE registra el mayor d\u00e9ficit comercial en m\u00e1s de 20 a\u00f1os"},"content":{"rendered":"<p style=\"text-align: justify;\"><span style=\"color: #800000;\"><strong>Bruselas, 15 sep (SANA)\u00a0 \u00a0<\/strong><\/span> Un informe oficial emitido por la Oficina Europea de Estad\u00edstica (Eurostat) confirm\u00f3 que la Uni\u00f3n Europea UE registr\u00f3 el mayor d\u00e9ficit comercial desde 2002.<\/p>\n<p style=\"text-align: justify;\">Seg\u00fan el informe publicado por la Oficina, v\u00eda Twitter, el d\u00e9ficit comercial de bienes de la eurozona registr\u00f3 el pasado mes de julio 40.300 millones de euros, mientras que el d\u00e9ficit comercial total ascendi\u00f3 a 49.000 millones de euros, y destac\u00f3 que esto es el mayor d\u00e9ficit registrado desde el a\u00f1o 2002.<\/p>\n<p style=\"text-align: justify;\">Asimismo, el texto indic\u00f3 que la primera estimaci\u00f3n de las exportaciones de bienes de la eurozona al resto del mundo en julio de 2022 fue de 235.500 millones de euros, mientras que las importaciones del resto del mundo ascendieron a 269.500 millones de euros, o sea un aumento de 44 por ciento en comparaci\u00f3n con julio de 2021, ya que ascendi\u00f3 a 187.100 millones de euros, por lo cual; la eurozona registr\u00f3 un d\u00e9ficit de 34.100 millones de euros en el comercio de mercanc\u00edas con el resto del mundo el pasado mes de julio.<\/p>\n<p style=\"text-align: justify;\">sm\/mm<\/p>\n","protected":false},"excerpt":{"rendered":"<p>Bruselas, 15 sep (SANA)\u00a0 \u00a0 Un informe oficial emitido por la Oficina Europea de Estad\u00edstica (Eurostat) confirm\u00f3 que la Uni\u00f3n Europea UE registr\u00f3 el mayor d\u00e9ficit comercial desde 2002. Seg\u00fan el informe publicado por la Oficina, v\u00eda Twitter, el d\u00e9ficit comercial de bienes de la eurozona registr\u00f3 el pasado mes de julio 40.300 millones de &hellip;<\/p>\n","protected":false},"author":39,"featured_media":252924,"comment_status":"closed","ping_status":"closed","sticky":false,"template":"","format":"standard","meta":{"footnotes":""},"categories":[597,16686,485,456,20724,7541],"tags":[20857,19758],"class_list":["post-252923","post","type-post","status-publish","format-standard","has-post-thumbnail","","category-cinta-de-noticias","category-economia","category-informes-negocios-y-finanzas","category-arabe-internacional-politica","category-minuto-a-minuto","category-ultimas-noticias","tag-deficit-comercial","tag-ue"],"_links":{"self":[{"href":"https:\/\/archive.sana.sy\/es\/index.php?rest_route=\/wp\/v2\/posts\/252923"}],"collection":[{"href":"https:\/\/archive.sana.sy\/es\/index.php?rest_route=\/wp\/v2\/posts"}],"about":[{"href":"https:\/\/archive.sana.sy\/es\/index.php?rest_route=\/wp\/v2\/types\/post"}],"author":[{"embeddable":true,"href":"https:\/\/archive.sana.sy\/es\/index.php?rest_route=\/wp\/v2\/users\/39"}],"replies":[{"embeddable":true,"href":"https:\/\/archive.sana.sy\/es\/index.php?rest_route=%2Fwp%2Fv2%2Fcomments&post=252923"}],"version-history":[{"count":0,"href":"https:\/\/archive.sana.sy\/es\/index.php?rest_route=\/wp\/v2\/posts\/252923\/revisions"}],"wp:featuredmedia":[{"embeddable":true,"href":"https:\/\/archive.sana.sy\/es\/index.php?rest_route=\/wp\/v2\/media\/252924"}],"wp:attachment":[{"href":"https:\/\/archive.sana.sy\/es\/index.php?rest_route=%2Fwp%2Fv2%2Fmedia&parent=252923"}],"wp:term":[{"taxonomy":"category","embeddable":true,"href":"https:\/\/archive.sana.sy\/es\/index.php?rest_route=%2Fwp%2Fv2%2Fcategories&post=252923"},{"taxonomy":"post_tag","embeddable":true,"href":"https:\/\/archive.sana.sy\/es\/index.php?rest_route=%2Fwp%2Fv2%2Ftags&post=252923"}],"curies":[{"name":"wp","href":"https:\/\/api.w.org\/{rel}","templated":true}]}}