{"id":252941,"date":"2022-09-16T07:56:23","date_gmt":"2022-09-16T04:56:23","guid":{"rendered":"http:\/\/107.6.182.27\/es\/?p=252941"},"modified":"2023-01-10T15:53:07","modified_gmt":"2023-01-10T13:53:07","slug":"londres-esta-utilizando-de-manera-poco-etica-su-tragedia-nacional-con-fines-geopoliticos","status":"publish","type":"post","link":"https:\/\/archive.sana.sy\/es\/?p=252941","title":{"rendered":"Londres est\u00e1 utilizando de manera poco \u00e9tica su tragedia nacional con fines geopol\u00edticos"},"content":{"rendered":"<p style=\"text-align: justify;\"><span style=\"color: #800000;\"><strong>Mosc\u00fa, 16 sep (SANA)\u00a0<\/strong><\/span>Rusia conden\u00f3 el uso por parte de Gran Breta\u00f1a de la muerte de la reina Isabel II con fines geopol\u00edticos y para ajuste de cuentas, indicando que este comportamiento es inmoral.<\/p>\n<p style=\"text-align: justify;\">\u201cEl Ministerio de Relaciones Exteriores brit\u00e1nico inform\u00f3 a la Embajada de Rusia en Londres sobre la decisi\u00f3n de abstenerse de enviar invitaciones a la parte rusa para las ceremonias de duelo por la muerte de la reina Isabel II, y los brit\u00e1nicos atribuyeron este paso a la operaci\u00f3n militar especial en curso de Rusia en Ucrania\u201d, inform\u00f3 Canciller\u00eda en un comunicado.<\/p>\n<p style=\"text-align: justify;\">&#8220;Consideramos que este intento brit\u00e1nico de utilizar una tragedia nacional con fines geopol\u00edticos para ajustar cuentas con nuestro pa\u00eds durante los d\u00edas de duelo, es altamente inmoral&#8221;, se\u00f1al\u00f3 la nota.<\/p>\n<p style=\"text-align: justify;\"><em><strong>fm\/ah<\/strong><\/em><\/p>\n","protected":false},"excerpt":{"rendered":"<p>Mosc\u00fa, 16 sep (SANA)\u00a0Rusia conden\u00f3 el uso por parte de Gran Breta\u00f1a de la muerte de la reina Isabel II con fines geopol\u00edticos y para ajuste de cuentas, indicando que este comportamiento es inmoral. \u201cEl Ministerio de Relaciones Exteriores brit\u00e1nico inform\u00f3 a la Embajada de Rusia en Londres sobre la decisi\u00f3n de abstenerse de enviar &hellip;<\/p>\n","protected":false},"author":30,"featured_media":252942,"comment_status":"closed","ping_status":"closed","sticky":false,"template":"","format":"standard","meta":{"footnotes":""},"categories":[456,20724],"tags":[],"class_list":["post-252941","post","type-post","status-publish","format-standard","has-post-thumbnail","","category-arabe-internacional-politica","category-minuto-a-minuto"],"_links":{"self":[{"href":"https:\/\/archive.sana.sy\/es\/index.php?rest_route=\/wp\/v2\/posts\/252941"}],"collection":[{"href":"https:\/\/archive.sana.sy\/es\/index.php?rest_route=\/wp\/v2\/posts"}],"about":[{"href":"https:\/\/archive.sana.sy\/es\/index.php?rest_route=\/wp\/v2\/types\/post"}],"author":[{"embeddable":true,"href":"https:\/\/archive.sana.sy\/es\/index.php?rest_route=\/wp\/v2\/users\/30"}],"replies":[{"embeddable":true,"href":"https:\/\/archive.sana.sy\/es\/index.php?rest_route=%2Fwp%2Fv2%2Fcomments&post=252941"}],"version-history":[{"count":0,"href":"https:\/\/archive.sana.sy\/es\/index.php?rest_route=\/wp\/v2\/posts\/252941\/revisions"}],"wp:featuredmedia":[{"embeddable":true,"href":"https:\/\/archive.sana.sy\/es\/index.php?rest_route=\/wp\/v2\/media\/252942"}],"wp:attachment":[{"href":"https:\/\/archive.sana.sy\/es\/index.php?rest_route=%2Fwp%2Fv2%2Fmedia&parent=252941"}],"wp:term":[{"taxonomy":"category","embeddable":true,"href":"https:\/\/archive.sana.sy\/es\/index.php?rest_route=%2Fwp%2Fv2%2Fcategories&post=252941"},{"taxonomy":"post_tag","embeddable":true,"href":"https:\/\/archive.sana.sy\/es\/index.php?rest_route=%2Fwp%2Fv2%2Ftags&post=252941"}],"curies":[{"name":"wp","href":"https:\/\/api.w.org\/{rel}","templated":true}]}}