{"id":252953,"date":"2022-09-16T09:25:42","date_gmt":"2022-09-16T06:25:42","guid":{"rendered":"http:\/\/107.6.182.27\/es\/?p=252953"},"modified":"2023-01-10T15:53:06","modified_gmt":"2023-01-10T13:53:06","slug":"rusia-renueva-su-llamamiento-a-armenia-y-azerbaiyan-a-la-moderacion","status":"publish","type":"post","link":"https:\/\/archive.sana.sy\/es\/?p=252953","title":{"rendered":"Rusia renueva su llamamiento a Armenia y Azerbaiy\u00e1n a la moderaci\u00f3n"},"content":{"rendered":"<p style=\"text-align: justify;\"><span style=\"color: #800000;\"><strong>Nueva York, 16 sep (SANA) <\/strong><\/span>Rusia renov\u00f3 la v\u00edspera su llamamiento a Armenia y Azerbaiy\u00e1n para que ejerzan moderaci\u00f3n tras los enfrentamientos fronterizos entre las dos partes.<\/p>\n<p style=\"text-align: justify;\">El Representante Permanente de Rusia ante las Naciones Unidas, Vassily Nebenzia, fue citado por Novosti diciendo durante una reuni\u00f3n del Consejo de Seguridad de la ONU que \u201cRusia est\u00e1 profundamente preocupada por la fuerte escalada de la situaci\u00f3n en ciertas \u00e1reas de la frontera armenio-azerbaiyana en la noche del 12 al 13 de septiembre, as\u00ed como por las escaramuzas subsiguientes\u201d.<\/p>\n<p style=\"text-align: justify;\">\u201cConsideramos inaceptable el uso de la fuerza y contamos con la implementaci\u00f3n de todos los acuerdos de alto el fuego alcanzados por Rusia\u201d, agreg\u00f3 Nebenzia.<\/p>\n<p style=\"text-align: justify;\">El delegado ruso pidi\u00f3 a \u201cAzerbaiy\u00e1n y Armenia que muestren moderaci\u00f3n y se abstengan de tomar medidas que puedan aumentar la tensi\u00f3n, as\u00ed como inst\u00f3 al estricto cumplimiento de los acuerdos en el marco de la declaraci\u00f3n tripartita de los l\u00edderes de Rusia, Azerbaiy\u00e1n y Armenia emitida en las fechas del 9 de noviembre de 2020, el 11 de enero y el 26 de noviembre de 2021\u201d.<\/p>\n<p style=\"text-align: justify;\">Los enfrentamientos estallaron el lunes y el martes en la frontera armenio-azerbaiyana causando bajas entre sus fuerzas, mientras que las dos partes intercambiaron acusaciones de comenzar una escalada.<\/p>\n<p style=\"text-align: justify;\"><em><strong>ah\/rsh<\/strong><\/em><\/p>\n","protected":false},"excerpt":{"rendered":"<p>Nueva York, 16 sep (SANA) Rusia renov\u00f3 la v\u00edspera su llamamiento a Armenia y Azerbaiy\u00e1n para que ejerzan moderaci\u00f3n tras los enfrentamientos fronterizos entre las dos partes. El Representante Permanente de Rusia ante las Naciones Unidas, Vassily Nebenzia, fue citado por Novosti diciendo durante una reuni\u00f3n del Consejo de Seguridad de la ONU que \u201cRusia &hellip;<\/p>\n","protected":false},"author":30,"featured_media":252955,"comment_status":"closed","ping_status":"closed","sticky":false,"template":"","format":"standard","meta":{"footnotes":""},"categories":[456,20724],"tags":[],"class_list":["post-252953","post","type-post","status-publish","format-standard","has-post-thumbnail","","category-arabe-internacional-politica","category-minuto-a-minuto"],"_links":{"self":[{"href":"https:\/\/archive.sana.sy\/es\/index.php?rest_route=\/wp\/v2\/posts\/252953"}],"collection":[{"href":"https:\/\/archive.sana.sy\/es\/index.php?rest_route=\/wp\/v2\/posts"}],"about":[{"href":"https:\/\/archive.sana.sy\/es\/index.php?rest_route=\/wp\/v2\/types\/post"}],"author":[{"embeddable":true,"href":"https:\/\/archive.sana.sy\/es\/index.php?rest_route=\/wp\/v2\/users\/30"}],"replies":[{"embeddable":true,"href":"https:\/\/archive.sana.sy\/es\/index.php?rest_route=%2Fwp%2Fv2%2Fcomments&post=252953"}],"version-history":[{"count":0,"href":"https:\/\/archive.sana.sy\/es\/index.php?rest_route=\/wp\/v2\/posts\/252953\/revisions"}],"wp:featuredmedia":[{"embeddable":true,"href":"https:\/\/archive.sana.sy\/es\/index.php?rest_route=\/wp\/v2\/media\/252955"}],"wp:attachment":[{"href":"https:\/\/archive.sana.sy\/es\/index.php?rest_route=%2Fwp%2Fv2%2Fmedia&parent=252953"}],"wp:term":[{"taxonomy":"category","embeddable":true,"href":"https:\/\/archive.sana.sy\/es\/index.php?rest_route=%2Fwp%2Fv2%2Fcategories&post=252953"},{"taxonomy":"post_tag","embeddable":true,"href":"https:\/\/archive.sana.sy\/es\/index.php?rest_route=%2Fwp%2Fv2%2Ftags&post=252953"}],"curies":[{"name":"wp","href":"https:\/\/api.w.org\/{rel}","templated":true}]}}