{"id":252958,"date":"2022-09-16T10:23:03","date_gmt":"2022-09-16T07:23:03","guid":{"rendered":"http:\/\/107.6.182.27\/es\/?p=252958"},"modified":"2023-01-10T15:37:44","modified_gmt":"2023-01-10T13:37:44","slug":"mas-de-75-empresas-locales-y-arabes-en-la-exposicion-internacional-sila-de-calzado-y-cuero-fotos","status":"publish","type":"post","link":"https:\/\/archive.sana.sy\/es\/?p=252958","title":{"rendered":"M\u00e1s de 75 empresas locales y \u00e1rabes en la Exposici\u00f3n Internacional &#8220;Sila&#8221; de Calzado y Cuero (+fotos)"},"content":{"rendered":"<p style=\"text-align: justify;\"><span style=\"color: #800000;\"><strong>Damasco, 16 sep (SANA) <\/strong><\/span>Con la participaci\u00f3n de m\u00e1s de 75 empresas locales y \u00e1rabes, las actividades de la 14\u00aa Exposici\u00f3n Internacional &#8220;Sila&#8221; de Calzado y Cuero comenzaron en la nueva Ciudad Ferial en Damasco.<\/p>\n<p style=\"text-align: justify;\">El evento es organizado por la Federaci\u00f3n \u00c1rabe de Industrias del Cuero y por Mashhadani International Group para Exposiciones y Congresos en colaboraci\u00f3n con el Ministerio de Industria.<\/p>\n<p style=\"text-align: justify;\">La exposici\u00f3n que contin\u00faa hasta el 18 de este mes incluye diversas industrias de calzado masculino, femenino, infantil y deportivo y sus complementos, adem\u00e1s de prendas de piel, bolsos y complementos.<\/p>\n<p style=\"text-align: justify;\">El ministro de Industria, Ziad Sabbagh, destac\u00f3 la importancia de esta exposici\u00f3n, que se ha convertido en una tradici\u00f3n anual para mostrar los \u00faltimos hallazgos de los industriales en el campo del cuero y el calzado cuya calidad es equiparable ya a los productos europeos.<\/p>\n<p style=\"text-align: justify;\">El ministro Sabbagh indic\u00f3 que el Ministerio de Industria y el equipo gubernamental se empe\u00f1an en facilitar el trabajo de los industriales en materia de exportaci\u00f3n e importaci\u00f3n.<\/p>\n<p style=\"text-align: justify;\">En declaraciones al reportero de SANA, el secretario general de la Federaci\u00f3n \u00c1rabe de Industrias del Cuero, Muhammad Kazara, se\u00f1al\u00f3 que esta edici\u00f3n se distingue de sus predecesoras por la participaci\u00f3n de empresas de pa\u00edses \u00e1rabes, lo que indica la importancia que ha alcanzado la Expo Sila a nivel del mundo \u00e1rabe.<\/p>\n<p style=\"text-align: justify;\">A su vez, el representante del presidente de la Federaci\u00f3n \u00c1rabe de Industrias del Cuero y Jefe de la Oficina Regional de Industrias del Cuero en Jordania, Nasr Thiabat, explic\u00f3 que esta exposici\u00f3n se rotar\u00e1 a los pa\u00edses \u00e1rabes adem\u00e1s de Siria.<\/p>\n<p style=\"text-align: justify;\">Por su parte, el presidente de la Federaci\u00f3n Palestina del Cuero, Amer Arafa, destac\u00f3 el papel de la exposici\u00f3n en la creaci\u00f3n de redes de relaciones comerciales y de exportaci\u00f3n y, en la transferencia de nuestras industrias palestina y siria al mundo \u00e1rabe.<\/p>\n<p style=\"text-align: justify;\">Por su parte, el director general del grupo organizador de la exposici\u00f3n, Khalaf Mashhadani, indic\u00f3 que la exposici\u00f3n cuenta con un pu\u00f1ado de altos especialistas, expertos, empresarios del sector de las industrias del cuero de pa\u00edses amigos y hermanos.<\/p>\n<p style=\"text-align: justify;\"><em><strong>rsh\/ah<\/strong><\/em><\/p>\n<div id='gallery-1' class='gallery galleryid-252958 gallery-columns-1 gallery-size-full'><figure class='gallery-item'>\n\t\t\t<div class='gallery-icon landscape'>\n\t\t\t\t<a href='https:\/\/archive.sana.sy\/es\/wp-content\/uploads\/2022\/09\/DSC_9674-scaled.jpg'><img loading=\"lazy\" decoding=\"async\" width=\"2560\" height=\"1704\" src=\"https:\/\/archive.sana.sy\/es\/wp-content\/uploads\/2022\/09\/DSC_9674-scaled.jpg\" class=\"attachment-full size-full\" alt=\"\" srcset=\"https:\/\/archive.sana.sy\/es\/wp-content\/uploads\/2022\/09\/DSC_9674-scaled.jpg 2560w, https:\/\/archive.sana.sy\/es\/wp-content\/uploads\/2022\/09\/DSC_9674-300x200.jpg 300w, https:\/\/archive.sana.sy\/es\/wp-content\/uploads\/2022\/09\/DSC_9674-1024x682.jpg 1024w, https:\/\/archive.sana.sy\/es\/wp-content\/uploads\/2022\/09\/DSC_9674-150x100.jpg 150w, https:\/\/archive.sana.sy\/es\/wp-content\/uploads\/2022\/09\/DSC_9674-768x511.jpg 768w, https:\/\/archive.sana.sy\/es\/wp-content\/uploads\/2022\/09\/DSC_9674-1536x1022.jpg 1536w, https:\/\/archive.sana.sy\/es\/wp-content\/uploads\/2022\/09\/DSC_9674-2048x1363.jpg 2048w, https:\/\/archive.sana.sy\/es\/wp-content\/uploads\/2022\/09\/DSC_9674-310x205.jpg 310w\" sizes=\"(max-width: 2560px) 100vw, 2560px\" \/><\/a>\n\t\t\t<\/div><\/figure><figure class='gallery-item'>\n\t\t\t<div class='gallery-icon landscape'>\n\t\t\t\t<a href='https:\/\/archive.sana.sy\/es\/wp-content\/uploads\/2022\/09\/DSC_9638-scaled.jpg'><img loading=\"lazy\" decoding=\"async\" width=\"2560\" height=\"1704\" src=\"https:\/\/archive.sana.sy\/es\/wp-content\/uploads\/2022\/09\/DSC_9638-scaled.jpg\" class=\"attachment-full size-full\" alt=\"\" srcset=\"https:\/\/archive.sana.sy\/es\/wp-content\/uploads\/2022\/09\/DSC_9638-scaled.jpg 2560w, https:\/\/archive.sana.sy\/es\/wp-content\/uploads\/2022\/09\/DSC_9638-300x200.jpg 300w, https:\/\/archive.sana.sy\/es\/wp-content\/uploads\/2022\/09\/DSC_9638-1024x682.jpg 1024w, https:\/\/archive.sana.sy\/es\/wp-content\/uploads\/2022\/09\/DSC_9638-150x100.jpg 150w, https:\/\/archive.sana.sy\/es\/wp-content\/uploads\/2022\/09\/DSC_9638-768x511.jpg 768w, https:\/\/archive.sana.sy\/es\/wp-content\/uploads\/2022\/09\/DSC_9638-1536x1022.jpg 1536w, https:\/\/archive.sana.sy\/es\/wp-content\/uploads\/2022\/09\/DSC_9638-2048x1363.jpg 2048w, https:\/\/archive.sana.sy\/es\/wp-content\/uploads\/2022\/09\/DSC_9638-310x205.jpg 310w\" sizes=\"(max-width: 2560px) 100vw, 2560px\" \/><\/a>\n\t\t\t<\/div><\/figure><figure class='gallery-item'>\n\t\t\t<div class='gallery-icon landscape'>\n\t\t\t\t<a href='https:\/\/archive.sana.sy\/es\/wp-content\/uploads\/2022\/09\/DSC_9637-scaled.jpg'><img loading=\"lazy\" decoding=\"async\" width=\"2560\" height=\"1647\" src=\"https:\/\/archive.sana.sy\/es\/wp-content\/uploads\/2022\/09\/DSC_9637-scaled.jpg\" class=\"attachment-full size-full\" alt=\"\" srcset=\"https:\/\/archive.sana.sy\/es\/wp-content\/uploads\/2022\/09\/DSC_9637-scaled.jpg 2560w, https:\/\/archive.sana.sy\/es\/wp-content\/uploads\/2022\/09\/DSC_9637-300x193.jpg 300w, https:\/\/archive.sana.sy\/es\/wp-content\/uploads\/2022\/09\/DSC_9637-1024x659.jpg 1024w, https:\/\/archive.sana.sy\/es\/wp-content\/uploads\/2022\/09\/DSC_9637-150x97.jpg 150w, https:\/\/archive.sana.sy\/es\/wp-content\/uploads\/2022\/09\/DSC_9637-768x494.jpg 768w, https:\/\/archive.sana.sy\/es\/wp-content\/uploads\/2022\/09\/DSC_9637-1536x988.jpg 1536w, https:\/\/archive.sana.sy\/es\/wp-content\/uploads\/2022\/09\/DSC_9637-2048x1318.jpg 2048w\" sizes=\"(max-width: 2560px) 100vw, 2560px\" \/><\/a>\n\t\t\t<\/div><\/figure><figure class='gallery-item'>\n\t\t\t<div class='gallery-icon landscape'>\n\t\t\t\t<a href='https:\/\/archive.sana.sy\/es\/wp-content\/uploads\/2022\/09\/DSC_9633-scaled.jpg'><img loading=\"lazy\" decoding=\"async\" width=\"2560\" height=\"1704\" src=\"https:\/\/archive.sana.sy\/es\/wp-content\/uploads\/2022\/09\/DSC_9633-scaled.jpg\" class=\"attachment-full size-full\" alt=\"\" srcset=\"https:\/\/archive.sana.sy\/es\/wp-content\/uploads\/2022\/09\/DSC_9633-scaled.jpg 2560w, https:\/\/archive.sana.sy\/es\/wp-content\/uploads\/2022\/09\/DSC_9633-300x200.jpg 300w, https:\/\/archive.sana.sy\/es\/wp-content\/uploads\/2022\/09\/DSC_9633-1024x682.jpg 1024w, https:\/\/archive.sana.sy\/es\/wp-content\/uploads\/2022\/09\/DSC_9633-150x100.jpg 150w, https:\/\/archive.sana.sy\/es\/wp-content\/uploads\/2022\/09\/DSC_9633-768x511.jpg 768w, https:\/\/archive.sana.sy\/es\/wp-content\/uploads\/2022\/09\/DSC_9633-1536x1022.jpg 1536w, https:\/\/archive.sana.sy\/es\/wp-content\/uploads\/2022\/09\/DSC_9633-2048x1363.jpg 2048w, https:\/\/archive.sana.sy\/es\/wp-content\/uploads\/2022\/09\/DSC_9633-310x205.jpg 310w\" sizes=\"(max-width: 2560px) 100vw, 2560px\" \/><\/a>\n\t\t\t<\/div><\/figure>\n\t\t<\/div>\n\n","protected":false},"excerpt":{"rendered":"<p>Damasco, 16 sep (SANA) Con la participaci\u00f3n de m\u00e1s de 75 empresas locales y \u00e1rabes, las actividades de la 14\u00aa Exposici\u00f3n Internacional &#8220;Sila&#8221; de Calzado y Cuero comenzaron en la nueva Ciudad Ferial en Damasco. El evento es organizado por la Federaci\u00f3n \u00c1rabe de Industrias del Cuero y por Mashhadani International Group para Exposiciones y &hellip;<\/p>\n","protected":false},"author":30,"featured_media":252959,"comment_status":"closed","ping_status":"closed","sticky":false,"template":"","format":"standard","meta":{"footnotes":""},"categories":[597,16686,485,625,623,20724,571,7541],"tags":[20862,20829,20861,19860,19603,20860,6553],"class_list":["post-252958","post","type-post","status-publish","format-standard","has-post-thumbnail","","category-cinta-de-noticias","category-economia","category-informes-negocios-y-finanzas","category-fotos-fotos-sana","category-fotos-sana","category-minuto-a-minuto","category-siria-en-fotos","category-ultimas-noticias","tag-calzado","tag-comercio","tag-cuero","tag-economia","tag-exposicion","tag-sila","tag-siria"],"_links":{"self":[{"href":"https:\/\/archive.sana.sy\/es\/index.php?rest_route=\/wp\/v2\/posts\/252958"}],"collection":[{"href":"https:\/\/archive.sana.sy\/es\/index.php?rest_route=\/wp\/v2\/posts"}],"about":[{"href":"https:\/\/archive.sana.sy\/es\/index.php?rest_route=\/wp\/v2\/types\/post"}],"author":[{"embeddable":true,"href":"https:\/\/archive.sana.sy\/es\/index.php?rest_route=\/wp\/v2\/users\/30"}],"replies":[{"embeddable":true,"href":"https:\/\/archive.sana.sy\/es\/index.php?rest_route=%2Fwp%2Fv2%2Fcomments&post=252958"}],"version-history":[{"count":0,"href":"https:\/\/archive.sana.sy\/es\/index.php?rest_route=\/wp\/v2\/posts\/252958\/revisions"}],"wp:featuredmedia":[{"embeddable":true,"href":"https:\/\/archive.sana.sy\/es\/index.php?rest_route=\/wp\/v2\/media\/252959"}],"wp:attachment":[{"href":"https:\/\/archive.sana.sy\/es\/index.php?rest_route=%2Fwp%2Fv2%2Fmedia&parent=252958"}],"wp:term":[{"taxonomy":"category","embeddable":true,"href":"https:\/\/archive.sana.sy\/es\/index.php?rest_route=%2Fwp%2Fv2%2Fcategories&post=252958"},{"taxonomy":"post_tag","embeddable":true,"href":"https:\/\/archive.sana.sy\/es\/index.php?rest_route=%2Fwp%2Fv2%2Ftags&post=252958"}],"curies":[{"name":"wp","href":"https:\/\/api.w.org\/{rel}","templated":true}]}}