{"id":252965,"date":"2022-09-16T10:28:43","date_gmt":"2022-09-16T07:28:43","guid":{"rendered":"http:\/\/107.6.182.27\/es\/?p=252965"},"modified":"2023-01-10T15:53:06","modified_gmt":"2023-01-10T13:53:06","slug":"nueva-jornada-israeli-de-arresto-arbitrario-contra-palestinos-en-jenin-y-naplusa","status":"publish","type":"post","link":"https:\/\/archive.sana.sy\/es\/?p=252965","title":{"rendered":"Nueva jornada israel\u00ed de arresto arbitrario contra palestinos en Jenin y Naplusa"},"content":{"rendered":"<p style=\"text-align: justify;\"><span style=\"color: #800000;\"><strong>Jerusal\u00e9n ocupada, 16 sep (SANA)<\/strong><\/span> Las fuerzas de ocupaci\u00f3n israel\u00edes arrestaron en la madrugada de hoy a cinco palestinos de diversas zonas de la Ribera Occidental.<\/p>\n<p style=\"text-align: justify;\">Seg\u00fan difundi\u00f3 la agencia de noticias palestina Wafa, las fuerzas de ocupaci\u00f3n irrumpieron en la aldea de Beita, la aldea de al-Laban al-Sharqiya en Naplusa y las aldeas de al-Sila al-Harithiyah y Jabaa en Jenin, allanaron y registraron casas palestinas y luego arrestaron a cinco palestinos, incluidos un padre y su hijo.<\/p>\n<p style=\"text-align: justify;\">La v\u00edspera, las fuerzas sionistas arrestaron a 18 palestinos, entre ellos seis ni\u00f1os, de diversas zonas cisjordanas.<\/p>\n<p style=\"text-align: justify;\"><em><strong>ah\/rsh<\/strong><\/em><\/p>\n","protected":false},"excerpt":{"rendered":"<p>Jerusal\u00e9n ocupada, 16 sep (SANA) Las fuerzas de ocupaci\u00f3n israel\u00edes arrestaron en la madrugada de hoy a cinco palestinos de diversas zonas de la Ribera Occidental. Seg\u00fan difundi\u00f3 la agencia de noticias palestina Wafa, las fuerzas de ocupaci\u00f3n irrumpieron en la aldea de Beita, la aldea de al-Laban al-Sharqiya en Naplusa y las aldeas de &hellip;<\/p>\n","protected":false},"author":30,"featured_media":252967,"comment_status":"closed","ping_status":"closed","sticky":false,"template":"","format":"standard","meta":{"footnotes":""},"categories":[456,20724],"tags":[],"class_list":["post-252965","post","type-post","status-publish","format-standard","has-post-thumbnail","","category-arabe-internacional-politica","category-minuto-a-minuto"],"_links":{"self":[{"href":"https:\/\/archive.sana.sy\/es\/index.php?rest_route=\/wp\/v2\/posts\/252965"}],"collection":[{"href":"https:\/\/archive.sana.sy\/es\/index.php?rest_route=\/wp\/v2\/posts"}],"about":[{"href":"https:\/\/archive.sana.sy\/es\/index.php?rest_route=\/wp\/v2\/types\/post"}],"author":[{"embeddable":true,"href":"https:\/\/archive.sana.sy\/es\/index.php?rest_route=\/wp\/v2\/users\/30"}],"replies":[{"embeddable":true,"href":"https:\/\/archive.sana.sy\/es\/index.php?rest_route=%2Fwp%2Fv2%2Fcomments&post=252965"}],"version-history":[{"count":0,"href":"https:\/\/archive.sana.sy\/es\/index.php?rest_route=\/wp\/v2\/posts\/252965\/revisions"}],"wp:featuredmedia":[{"embeddable":true,"href":"https:\/\/archive.sana.sy\/es\/index.php?rest_route=\/wp\/v2\/media\/252967"}],"wp:attachment":[{"href":"https:\/\/archive.sana.sy\/es\/index.php?rest_route=%2Fwp%2Fv2%2Fmedia&parent=252965"}],"wp:term":[{"taxonomy":"category","embeddable":true,"href":"https:\/\/archive.sana.sy\/es\/index.php?rest_route=%2Fwp%2Fv2%2Fcategories&post=252965"},{"taxonomy":"post_tag","embeddable":true,"href":"https:\/\/archive.sana.sy\/es\/index.php?rest_route=%2Fwp%2Fv2%2Ftags&post=252965"}],"curies":[{"name":"wp","href":"https:\/\/api.w.org\/{rel}","templated":true}]}}