{"id":252983,"date":"2022-09-16T14:09:44","date_gmt":"2022-09-16T11:09:44","guid":{"rendered":"http:\/\/107.6.182.27\/es\/?p=252983"},"modified":"2023-01-10T15:53:05","modified_gmt":"2023-01-10T13:53:05","slug":"oficiales-de-la-otan-llegaron-a-jarkov-para-apoyar-al-regimen-de-kiev","status":"publish","type":"post","link":"https:\/\/archive.sana.sy\/es\/?p=252983","title":{"rendered":"Oficiales de la OTAN llegaron a J\u00e1rkov para apoyar al r\u00e9gimen de Kiev"},"content":{"rendered":"<p style=\"text-align: justify;\"><span style=\"color: #800000;\"><strong>Lugansk, 16 sep (SANA)\u00a0 <\/strong><\/span>La inteligencia de la Rep\u00fablica Popular de Lugansk revel\u00f3 la llegada de oficiales de pa\u00edses de la OTAN a una parte de la regi\u00f3n de J\u00e1rkov controlada por las fuerzas de Kiev.<\/p>\n<p style=\"text-align: justify;\">Novosti cit\u00f3 al portavoz de la polic\u00eda de la Rep\u00fablica, el teniente coronel Andrei Marutchko, diciendo que \u201cla inteligencia revel\u00f3 la llegada de oficiales pertenecientes a los pa\u00edses de la OTAN a J\u00e1rkov\u201d.<\/p>\n<p style=\"text-align: justify;\">\u201cEl objetivo de la llegada de estos oficiales es organizar y coordinar la cooperaci\u00f3n entre las unidades armadas ucranianas y extranjeras\u201d, dijo el portavoz.<\/p>\n<p style=\"text-align: justify;\">ah\/sm<\/p>\n","protected":false},"excerpt":{"rendered":"<p>Lugansk, 16 sep (SANA)\u00a0 La inteligencia de la Rep\u00fablica Popular de Lugansk revel\u00f3 la llegada de oficiales de pa\u00edses de la OTAN a una parte de la regi\u00f3n de J\u00e1rkov controlada por las fuerzas de Kiev. Novosti cit\u00f3 al portavoz de la polic\u00eda de la Rep\u00fablica, el teniente coronel Andrei Marutchko, diciendo que \u201cla inteligencia &hellip;<\/p>\n","protected":false},"author":39,"featured_media":252984,"comment_status":"closed","ping_status":"closed","sticky":false,"template":"","format":"standard","meta":{"footnotes":""},"categories":[597,456,20724,7541],"tags":[20688,19811,20867],"class_list":["post-252983","post","type-post","status-publish","format-standard","has-post-thumbnail","","category-cinta-de-noticias","category-arabe-internacional-politica","category-minuto-a-minuto","category-ultimas-noticias","tag-lugansk","tag-otan","tag-regimen-de-kiev"],"_links":{"self":[{"href":"https:\/\/archive.sana.sy\/es\/index.php?rest_route=\/wp\/v2\/posts\/252983"}],"collection":[{"href":"https:\/\/archive.sana.sy\/es\/index.php?rest_route=\/wp\/v2\/posts"}],"about":[{"href":"https:\/\/archive.sana.sy\/es\/index.php?rest_route=\/wp\/v2\/types\/post"}],"author":[{"embeddable":true,"href":"https:\/\/archive.sana.sy\/es\/index.php?rest_route=\/wp\/v2\/users\/39"}],"replies":[{"embeddable":true,"href":"https:\/\/archive.sana.sy\/es\/index.php?rest_route=%2Fwp%2Fv2%2Fcomments&post=252983"}],"version-history":[{"count":0,"href":"https:\/\/archive.sana.sy\/es\/index.php?rest_route=\/wp\/v2\/posts\/252983\/revisions"}],"wp:featuredmedia":[{"embeddable":true,"href":"https:\/\/archive.sana.sy\/es\/index.php?rest_route=\/wp\/v2\/media\/252984"}],"wp:attachment":[{"href":"https:\/\/archive.sana.sy\/es\/index.php?rest_route=%2Fwp%2Fv2%2Fmedia&parent=252983"}],"wp:term":[{"taxonomy":"category","embeddable":true,"href":"https:\/\/archive.sana.sy\/es\/index.php?rest_route=%2Fwp%2Fv2%2Fcategories&post=252983"},{"taxonomy":"post_tag","embeddable":true,"href":"https:\/\/archive.sana.sy\/es\/index.php?rest_route=%2Fwp%2Fv2%2Ftags&post=252983"}],"curies":[{"name":"wp","href":"https:\/\/api.w.org\/{rel}","templated":true}]}}