{"id":253044,"date":"2022-09-16T14:04:52","date_gmt":"2022-09-16T11:04:52","guid":{"rendered":"http:\/\/107.6.182.27\/es\/?p=253044"},"modified":"2023-01-10T15:53:05","modified_gmt":"2023-01-10T13:53:05","slug":"putin-occidente-vive-en-un-paradigma-de-filosofia-colonial-acostumbrado-a-vivir-a-costa-de-los-demas","status":"publish","type":"post","link":"https:\/\/archive.sana.sy\/es\/?p=253044","title":{"rendered":"Putin: &#8220;Occidente vive en un paradigma de filosof\u00eda colonial, acostumbrado a vivir a costa de los dem\u00e1s&#8221;"},"content":{"rendered":"<p style=\"text-align: justify;\"><span style=\"color: #800000;\"><strong>Samarcanda, 16 sep (SANA)\u00a0<\/strong><\/span> \u00a0El presidente ruso, Vlad\u00edmir Putin, dijo hoy durante una conferencia de prensa despu\u00e9s de la 22\u00aa Cumbre del Consejo de Jefes de Estado de la Organizaci\u00f3n de Cooperaci\u00f3n de Shangh\u00e1i (OCS), que hasta ahora, su pa\u00eds ha mostrado una reacci\u00f3n moderada a las acciones de Kiev y sus &#8220;ataques terroristas&#8221;, pero eso puede cambiar.<\/p>\n<p style=\"text-align: justify;\">&#8220;De momento estamos respondiendo con cierta moderaci\u00f3n a todos los ataques y acciones terroristas por parte de Kiev&#8221;, declar\u00f3 el mandatario ruso citado por Sputnik.<\/p>\n<p style=\"text-align: justify;\">El jefe de Estado ruso record\u00f3 que el objetivo principal de la operaci\u00f3n militar especial de Rusia en Ucrania es la liberaci\u00f3n de Donb\u00e1s, donde se encuentran la Rep\u00fablica Popular de Donetsk y la Rep\u00fablica Popular de Lugansk.<\/p>\n<p style=\"text-align: justify;\">&#8220;El objetivo principal es la liberaci\u00f3n de todo el territorio de Donb\u00e1s. (\u2026) Nuestra operaci\u00f3n ofensiva en el propio Donb\u00e1s no se detiene, avanza a un ritmo lento, pero de forma constante, el Ej\u00e9rcito ruso obtiene cada vez m\u00e1s territorios&#8221;, anunci\u00f3 Putin.<\/p>\n<p style=\"text-align: justify;\">El mandatario agreg\u00f3 que Occidente vive en &#8220;un paradigma de filosof\u00eda colonial, acostumbrado a vivir a costa de los dem\u00e1s&#8221;.<br \/>\nDe acuerdo con el presidente ruso, en Occidente no llegar\u00e1n a ver la desintegraci\u00f3n de Rusia.<\/p>\n<p style=\"text-align: justify;\">&#8220;Durante 10 a\u00f1os en Occidente se ha cultivado la idea del colapso de la Uni\u00f3n Sovi\u00e9tica y de Rusia. (&#8230;) En alg\u00fan momento comenzaron a utilizar a Ucrania para este fin&#8221;, afirm\u00f3 Putin.<\/p>\n<p style=\"text-align: justify;\">fm\/rr<\/p>\n","protected":false},"excerpt":{"rendered":"<p>Samarcanda, 16 sep (SANA)\u00a0 \u00a0El presidente ruso, Vlad\u00edmir Putin, dijo hoy durante una conferencia de prensa despu\u00e9s de la 22\u00aa Cumbre del Consejo de Jefes de Estado de la Organizaci\u00f3n de Cooperaci\u00f3n de Shangh\u00e1i (OCS), que hasta ahora, su pa\u00eds ha mostrado una reacci\u00f3n moderada a las acciones de Kiev y sus &#8220;ataques terroristas&#8221;, pero &hellip;<\/p>\n","protected":false},"author":31,"featured_media":253045,"comment_status":"closed","ping_status":"closed","sticky":false,"template":"","format":"standard","meta":{"footnotes":""},"categories":[597,456,583],"tags":[],"class_list":["post-253044","post","type-post","status-publish","format-standard","has-post-thumbnail","","category-cinta-de-noticias","category-arabe-internacional-politica","category-slide"],"_links":{"self":[{"href":"https:\/\/archive.sana.sy\/es\/index.php?rest_route=\/wp\/v2\/posts\/253044"}],"collection":[{"href":"https:\/\/archive.sana.sy\/es\/index.php?rest_route=\/wp\/v2\/posts"}],"about":[{"href":"https:\/\/archive.sana.sy\/es\/index.php?rest_route=\/wp\/v2\/types\/post"}],"author":[{"embeddable":true,"href":"https:\/\/archive.sana.sy\/es\/index.php?rest_route=\/wp\/v2\/users\/31"}],"replies":[{"embeddable":true,"href":"https:\/\/archive.sana.sy\/es\/index.php?rest_route=%2Fwp%2Fv2%2Fcomments&post=253044"}],"version-history":[{"count":0,"href":"https:\/\/archive.sana.sy\/es\/index.php?rest_route=\/wp\/v2\/posts\/253044\/revisions"}],"wp:featuredmedia":[{"embeddable":true,"href":"https:\/\/archive.sana.sy\/es\/index.php?rest_route=\/wp\/v2\/media\/253045"}],"wp:attachment":[{"href":"https:\/\/archive.sana.sy\/es\/index.php?rest_route=%2Fwp%2Fv2%2Fmedia&parent=253044"}],"wp:term":[{"taxonomy":"category","embeddable":true,"href":"https:\/\/archive.sana.sy\/es\/index.php?rest_route=%2Fwp%2Fv2%2Fcategories&post=253044"},{"taxonomy":"post_tag","embeddable":true,"href":"https:\/\/archive.sana.sy\/es\/index.php?rest_route=%2Fwp%2Fv2%2Ftags&post=253044"}],"curies":[{"name":"wp","href":"https:\/\/api.w.org\/{rel}","templated":true}]}}