{"id":253059,"date":"2022-09-17T08:48:02","date_gmt":"2022-09-17T05:48:02","guid":{"rendered":"http:\/\/107.6.182.27\/es\/?p=253059"},"modified":"2023-01-10T15:53:03","modified_gmt":"2023-01-10T13:53:03","slug":"kiev-no-entendemos-por-que-alemania-nos-envia-misiles-si-nosotros-pedimos-tanques","status":"publish","type":"post","link":"https:\/\/archive.sana.sy\/es\/?p=253059","title":{"rendered":"Kiev: No entendemos por qu\u00e9 Alemania nos env\u00eda misiles si nosotros pedimos tanques"},"content":{"rendered":"<p style=\"text-align: justify;\"><span style=\"color: #800000;\"><strong>Mosc\u00fa, 17 sep (SANA)\u00a0<\/strong><\/span> El ministro de Asuntos Exteriores de Ucrania, Dmitri Kuleba, critic\u00f3 al gobierno alem\u00e1n por seguir absteni\u00e9ndose de suministrar carros de combate y veh\u00edculos blindados a su pa\u00eds.<\/p>\n<p style=\"text-align: justify;\">Los transportes blindados Dingo recientemente prometidos &#8220;no son lo que m\u00e1s necesitamos&#8221;, dijo Kuleba citado por RT.<\/p>\n<p style=\"text-align: justify;\">Para \u00e9l, es un misterio por qu\u00e9 Alemania suministra misiles y otros equipos cuando el gobierno ucraniano pide tanques.<\/p>\n<p style=\"text-align: justify;\">La secretaria federal de Defensa, Christine Lambrecht, anunci\u00f3 el jueves nuevas entregas de armas, incluidos dos sistemas de artiller\u00eda Mars II, adem\u00e1s de los Dingo. Ucrania, por su parte, ha estado exigiendo durante varias semanas el suministro de veh\u00edculos de combate de infanter\u00eda Marder y tanques Leopard II.<\/p>\n<p style=\"text-align: justify;\">&#8220;Se\u00f1ales decepcionantes de Alemania, mientras Ucrania necesita ahora los Leopard y Marder para liberar a la gente y salvarla del genocidio&#8221;, tuite\u00f3 el canciller ucraniano. &#8220;Ni un solo argumento racional sobre por qu\u00e9 no se pueden suministrar estas armas, solo miedos abstractos y excusas&#8221;, critic\u00f3, al tiempo que se pregunt\u00f3 qu\u00e9 es lo que &#8220;teme Berl\u00edn que no tema Kiev&#8221;.<\/p>\n<p style=\"text-align: justify;\">fm\/sm<\/p>\n","protected":false},"excerpt":{"rendered":"<p>Mosc\u00fa, 17 sep (SANA)\u00a0 El ministro de Asuntos Exteriores de Ucrania, Dmitri Kuleba, critic\u00f3 al gobierno alem\u00e1n por seguir absteni\u00e9ndose de suministrar carros de combate y veh\u00edculos blindados a su pa\u00eds. Los transportes blindados Dingo recientemente prometidos &#8220;no son lo que m\u00e1s necesitamos&#8221;, dijo Kuleba citado por RT. Para \u00e9l, es un misterio por qu\u00e9 &hellip;<\/p>\n","protected":false},"author":39,"featured_media":253060,"comment_status":"closed","ping_status":"closed","sticky":false,"template":"","format":"standard","meta":{"footnotes":""},"categories":[597,456,20724,7541],"tags":[],"class_list":["post-253059","post","type-post","status-publish","format-standard","has-post-thumbnail","","category-cinta-de-noticias","category-arabe-internacional-politica","category-minuto-a-minuto","category-ultimas-noticias"],"_links":{"self":[{"href":"https:\/\/archive.sana.sy\/es\/index.php?rest_route=\/wp\/v2\/posts\/253059"}],"collection":[{"href":"https:\/\/archive.sana.sy\/es\/index.php?rest_route=\/wp\/v2\/posts"}],"about":[{"href":"https:\/\/archive.sana.sy\/es\/index.php?rest_route=\/wp\/v2\/types\/post"}],"author":[{"embeddable":true,"href":"https:\/\/archive.sana.sy\/es\/index.php?rest_route=\/wp\/v2\/users\/39"}],"replies":[{"embeddable":true,"href":"https:\/\/archive.sana.sy\/es\/index.php?rest_route=%2Fwp%2Fv2%2Fcomments&post=253059"}],"version-history":[{"count":0,"href":"https:\/\/archive.sana.sy\/es\/index.php?rest_route=\/wp\/v2\/posts\/253059\/revisions"}],"wp:featuredmedia":[{"embeddable":true,"href":"https:\/\/archive.sana.sy\/es\/index.php?rest_route=\/wp\/v2\/media\/253060"}],"wp:attachment":[{"href":"https:\/\/archive.sana.sy\/es\/index.php?rest_route=%2Fwp%2Fv2%2Fmedia&parent=253059"}],"wp:term":[{"taxonomy":"category","embeddable":true,"href":"https:\/\/archive.sana.sy\/es\/index.php?rest_route=%2Fwp%2Fv2%2Fcategories&post=253059"},{"taxonomy":"post_tag","embeddable":true,"href":"https:\/\/archive.sana.sy\/es\/index.php?rest_route=%2Fwp%2Fv2%2Ftags&post=253059"}],"curies":[{"name":"wp","href":"https:\/\/api.w.org\/{rel}","templated":true}]}}