{"id":25311,"date":"2015-06-20T13:35:25","date_gmt":"2015-06-20T10:35:25","guid":{"rendered":"http:\/\/sana.sy\/es\/?p=25311"},"modified":"2015-06-20T13:35:25","modified_gmt":"2015-06-20T10:35:25","slug":"incursiones-aereas-del-ejercito-iraqui-dejan-a-decenas-de-terroristas-del-ei-entre-muertos-o-heridos","status":"publish","type":"post","link":"https:\/\/archive.sana.sy\/es\/?p=25311","title":{"rendered":"Incursiones a\u00e9reas del ej\u00e9rcito iraqu\u00ed dejan a decenas de terroristas del EI entre muertos o heridos"},"content":{"rendered":"<p><span style=\"color: #800000\">Bagdad, SANA<\/span><\/p>\n<p>Las fuerzas iraqu\u00edes han continuado este s\u00e1bado, sus operaciones contra los escondites y sedes de la organizaci\u00f3n terrorista del Estado Isl\u00e1mico (EI) en varias provincias iraqu\u00edes.<\/p>\n<p>Un comunicado del ministerio de Defensa iraqu\u00ed dio a conocer que los acciones de combate del ej\u00e9rcito llevaron a cabo varias redadas contra posiciones de la organizaci\u00f3n terrorista del EI en la provincia de Anbar, matando a 15 de sus miembros y destruyendo a una serie de coches y veh\u00edculos.<\/p>\n<p>El comunicado mencion\u00f3 tambi\u00e9n que la Fuerzas A\u00e9rea destruy\u00f3 a tres veh\u00edculos de los terroristas y destruy\u00f3 tambi\u00e9n a varios transbordadores que transportaban veh\u00edculos, cerca de Faluya.<\/p>\n<p>La Fuerza A\u00e9rea llev\u00f3 a cabo adem\u00e1s siete incursiones contra objetivos terroristas.<\/p>\n<p>En el mismo contexto, una fuente militar en el comando de operaciones de la provincia de Salahuddin inform\u00f3 que una fuerza de seguridad mat\u00f3 a cuatro terroristas de la organizaci\u00f3n &#8220;EI&#8221; en una emboscada en las inmediaciones del yacimiento de petr\u00f3leo Ajil, en la provincia de Salahuddin.<\/p>\n<p>Fady M., Lynn A.<\/p>\n","protected":false},"excerpt":{"rendered":"<p>Bagdad, SANA Las fuerzas iraqu\u00edes han continuado este s\u00e1bado, sus operaciones contra los escondites y sedes de la organizaci\u00f3n terrorista del Estado Isl\u00e1mico (EI) en varias provincias iraqu\u00edes. Un comunicado del ministerio de Defensa iraqu\u00ed dio a conocer que los acciones de combate del ej\u00e9rcito llevaron a cabo varias redadas contra posiciones de la organizaci\u00f3n &hellip;<\/p>\n","protected":false},"author":24,"featured_media":25312,"comment_status":"closed","ping_status":"closed","sticky":false,"template":"","format":"standard","meta":{"footnotes":""},"categories":[456,457,576],"tags":[5697],"class_list":["post-25311","post","type-post","status-publish","format-standard","has-post-thumbnail","","category-arabe-internacional-politica","category-noticias-arabe-internacional-politica","category-noticias-politicas","tag-incursiones-aereas-del-ejercito-iraqui-dejan-a-decenas-de-terroristas-del-ei-entre-muertos-o-heridos"],"_links":{"self":[{"href":"https:\/\/archive.sana.sy\/es\/index.php?rest_route=\/wp\/v2\/posts\/25311"}],"collection":[{"href":"https:\/\/archive.sana.sy\/es\/index.php?rest_route=\/wp\/v2\/posts"}],"about":[{"href":"https:\/\/archive.sana.sy\/es\/index.php?rest_route=\/wp\/v2\/types\/post"}],"author":[{"embeddable":true,"href":"https:\/\/archive.sana.sy\/es\/index.php?rest_route=\/wp\/v2\/users\/24"}],"replies":[{"embeddable":true,"href":"https:\/\/archive.sana.sy\/es\/index.php?rest_route=%2Fwp%2Fv2%2Fcomments&post=25311"}],"version-history":[{"count":0,"href":"https:\/\/archive.sana.sy\/es\/index.php?rest_route=\/wp\/v2\/posts\/25311\/revisions"}],"wp:featuredmedia":[{"embeddable":true,"href":"https:\/\/archive.sana.sy\/es\/index.php?rest_route=\/wp\/v2\/media\/25312"}],"wp:attachment":[{"href":"https:\/\/archive.sana.sy\/es\/index.php?rest_route=%2Fwp%2Fv2%2Fmedia&parent=25311"}],"wp:term":[{"taxonomy":"category","embeddable":true,"href":"https:\/\/archive.sana.sy\/es\/index.php?rest_route=%2Fwp%2Fv2%2Fcategories&post=25311"},{"taxonomy":"post_tag","embeddable":true,"href":"https:\/\/archive.sana.sy\/es\/index.php?rest_route=%2Fwp%2Fv2%2Ftags&post=25311"}],"curies":[{"name":"wp","href":"https:\/\/api.w.org\/{rel}","templated":true}]}}