{"id":25318,"date":"2015-06-20T14:10:21","date_gmt":"2015-06-20T11:10:21","guid":{"rendered":"http:\/\/sana.sy\/es\/?p=25318"},"modified":"2015-06-20T14:17:27","modified_gmt":"2015-06-20T11:17:27","slug":"patriarca-yazayi-exige-la-comunidad-internacional-que-trabaje-para-encontrar-un-arreglo-politico-de-la-crisis-siria","status":"publish","type":"post","link":"https:\/\/archive.sana.sy\/es\/?p=25318","title":{"rendered":"Patriarca Yazigi exige que se trabaje para encontrar un arreglo pol\u00edtico a la crisis siria"},"content":{"rendered":"<p><span style=\"color: #800000\">Beirut, SANA<\/span><\/p>\n<p>El patriarca de Antioqu\u00eda y todo el Oriente para la comunidad cristiana greco-ortodoxa, Patriarca Yohanna X Yazayi exigi\u00f3 a la comunidad internacional que se esfuerce para dar con una soluci\u00f3n pac\u00edfica y pol\u00edtica a la crisis en Siria, lejos de la pol\u00edtica de doble moral y del intervencionismo.<\/p>\n<p>Al reunirse con representantes de varios medios de comunicaci\u00f3n libaneses en la capital libanesa Beirut este s\u00e1bado, el Patriarca Yazayi destac\u00f3\u00a0\u00a0el papel de los periodistas en difundir la cultura de la paz y la justicia, haciendo referencia a que el Centro de Noticias Ortodoxo de Antioquia ser\u00e1 inaugurado el pr\u00f3ximo jueves en la Universidad de Balamand.<\/p>\n<p>Por otra parte, el Patriarca Yazayi felicit\u00f3 a los musulmanes por la llegada del Ramad\u00e1n, sagrado mes de ayuno, as\u00ed como pidi\u00f3 que se ore a Dios por la liberaci\u00f3n de los metropolitas sirios secuestrados por parte de los terroristas en el campo de Alepo y tambi\u00e9n de todos los retenidos.<\/p>\n<p>&nbsp;<\/p>\n<p>Lynn A., Fady M.<\/p>\n","protected":false},"excerpt":{"rendered":"<p>Beirut, SANA El patriarca de Antioqu\u00eda y todo el Oriente para la comunidad cristiana greco-ortodoxa, Patriarca Yohanna X Yazayi exigi\u00f3 a la comunidad internacional que se esfuerce para dar con una soluci\u00f3n pac\u00edfica y pol\u00edtica a la crisis en Siria, lejos de la pol\u00edtica de doble moral y del intervencionismo. Al reunirse con representantes de &hellip;<\/p>\n","protected":false},"author":24,"featured_media":25322,"comment_status":"closed","ping_status":"closed","sticky":false,"template":"","format":"standard","meta":{"footnotes":""},"categories":[456,457,576],"tags":[5700],"class_list":["post-25318","post","type-post","status-publish","format-standard","has-post-thumbnail","","category-arabe-internacional-politica","category-noticias-arabe-internacional-politica","category-noticias-politicas","tag-patriarca-yazigi-exige-que-se-trabaje-para-encontrar-un-arreglo-politico-a-la-crisis-siria"],"_links":{"self":[{"href":"https:\/\/archive.sana.sy\/es\/index.php?rest_route=\/wp\/v2\/posts\/25318"}],"collection":[{"href":"https:\/\/archive.sana.sy\/es\/index.php?rest_route=\/wp\/v2\/posts"}],"about":[{"href":"https:\/\/archive.sana.sy\/es\/index.php?rest_route=\/wp\/v2\/types\/post"}],"author":[{"embeddable":true,"href":"https:\/\/archive.sana.sy\/es\/index.php?rest_route=\/wp\/v2\/users\/24"}],"replies":[{"embeddable":true,"href":"https:\/\/archive.sana.sy\/es\/index.php?rest_route=%2Fwp%2Fv2%2Fcomments&post=25318"}],"version-history":[{"count":0,"href":"https:\/\/archive.sana.sy\/es\/index.php?rest_route=\/wp\/v2\/posts\/25318\/revisions"}],"wp:featuredmedia":[{"embeddable":true,"href":"https:\/\/archive.sana.sy\/es\/index.php?rest_route=\/wp\/v2\/media\/25322"}],"wp:attachment":[{"href":"https:\/\/archive.sana.sy\/es\/index.php?rest_route=%2Fwp%2Fv2%2Fmedia&parent=25318"}],"wp:term":[{"taxonomy":"category","embeddable":true,"href":"https:\/\/archive.sana.sy\/es\/index.php?rest_route=%2Fwp%2Fv2%2Fcategories&post=25318"},{"taxonomy":"post_tag","embeddable":true,"href":"https:\/\/archive.sana.sy\/es\/index.php?rest_route=%2Fwp%2Fv2%2Ftags&post=25318"}],"curies":[{"name":"wp","href":"https:\/\/api.w.org\/{rel}","templated":true}]}}